{"id":283,"date":"2019-02-27T15:46:24","date_gmt":"2019-02-27T14:46:24","guid":{"rendered":"https:\/\/precms.o2online.es\/ayuda\/?p=283"},"modified":"2026-04-30T14:08:25","modified_gmt":"2026-04-30T12:08:25","slug":"tarifas-o2","status":"publish","type":"post","link":"https:\/\/o2online.es\/ayuda\/tarifas-o2\/","title":{"rendered":"Tarifas disponibles en O2"},"content":{"rendered":"<p><span data-contrast=\"none\">A\u00a0continuaci\u00f3n\u00a0te mostramos las tarifas disponibles en O2 con los diferentes tipos de impuestos:<\/span><span data-ccp-props=\"{&quot;201341983&quot;:0,&quot;335551550&quot;:1,&quot;335551620&quot;:1,&quot;335559739&quot;:160,&quot;335559740&quot;:259}\">\u00a0<\/span><\/p>\n<p><em>Por la subida de precios de Netflix, el precio de las tarifas que lo incluyen pasar\u00e1n a ser de 47\u20ac y 58\u20ac (IVA incl) respectivamente desde el 18 de junio. Si contratas ahora, el nuevo precio lo ver\u00e1s reflejado a partir de la factura del ciclo del 18 de junio al 17 de julio, con cobro en agosto.<\/em><\/p>\n<table class=\"table table-striped\" style=\"height: 669px;\" width=\"1139\">\n<tbody>\n<tr style=\"background: #0090D0; color: white;\">\n<td scope=\"col\">Tarifas Fibra y M\u00f3vil<\/td>\n<td scope=\"col\">IVA<\/td>\n<td scope=\"col\">IGIC (Canarias)<\/td>\n<td scope=\"col\">IPSI (Melilla)<\/td>\n<td scope=\"col\">IPSI (Ceuta)<\/td>\n<\/tr>\n<tr>\n<th scope=\"row\">Tarifa Fibra 1Gb y M\u00f3vil 375GB y TV<\/p>\n<p><small>1Gb de fibra, l\u00ednea fija incluida y m\u00f3vil 375GB con llamadas ilimitadas con SMS ilimitados a destinos nacionales <small>y suscripci\u00f3n a Movistar Plus+ y Netflix.<\/small>.<\/small><\/th>\n<td>56\u20ac<\/td>\n<td>49,52\u20ac<\/td>\n<td>49,98\u20ac<\/td>\n<td>50,91\u20ac<\/td>\n<\/tr>\n<tr>\n<th scope=\"row\">Tarifa Fibra 1Gb y M\u00f3vil 350GB y TV<\/p>\n<p><small>1Gb de fibra, l\u00ednea fija incluida y m\u00f3vil 350GB con llamadas ilimitadas con SMS ilimitados a destinos nacionales <small>y suscripci\u00f3n a Movistar Plus+<\/small>.<\/small><\/th>\n<td>50\u20ac<\/td>\n<td>44,21\u20ac<\/td>\n<td>44,63\u20ac<\/td>\n<td>45,45\u20ac<\/td>\n<\/tr>\n<tr>\n<th scope=\"row\">Tarifa Fibra 600Mb y M\u00f3vil 60GB y TV<\/p>\n<p><small>600Mb de fibra, l\u00ednea fija incluida y m\u00f3vil 60GB con llamadas ilimitadas con SMS ilimitados a destinos nacionales <small>y suscripci\u00f3n a Movistar Plus+ y Netflix.<\/small>.<\/small><\/th>\n<td>45\u20ac<\/td>\n<td>39,79\u20ac<\/td>\n<td>40,17\u20ac<\/td>\n<td>40,91\u20ac<\/td>\n<\/tr>\n<tr>\n<th scope=\"row\">Tarifa Fibra 600Mb y M\u00f3vil 35GB y TV<\/p>\n<p><small>600Mb de fibra, l\u00ednea fija incluida y m\u00f3vil 35GB con llamadas ilimitadas con SMS ilimitados a destinos nacionales y suscripci\u00f3n a Movistar Plus+.<\/small><\/th>\n<td>38\u20ac<\/td>\n<td>33,60\u20ac<\/td>\n<td>33,92\u20ac<\/td>\n<td>34,55\u20ac<\/td>\n<\/tr>\n<tr>\n<th scope=\"row\">Tarifa Fibra 1Gb y M\u00f3vil 120GB<br \/>\n<small>1Gb de fibra, l\u00ednea fija incluida y m\u00f3vil 120GB con llamadas ilimitadas con SMS ilimitados a destinos nacionales.<\/small><\/th>\n<td>38\u20ac<\/td>\n<td>33,60\u20ac<\/td>\n<td>33,92\u20ac<\/td>\n<td>34,55\u20ac<\/td>\n<\/tr>\n<tr>\n<th scope=\"row\">Tarifa Fibra 600Mb y M\u00f3vil 60GB<br \/>\n<small>600Mb de fibra, l\u00ednea fija incluida y m\u00f3vil 60GB con llamadas ilimitadas con SMS ilimitados a destinos nacionales.<\/small><\/th>\n<td>35\u20ac<\/td>\n<td>30,95\u20ac<\/td>\n<td>31,24\u20ac<\/td>\n<td>31,82\u20ac<\/td>\n<\/tr>\n<tr>\n<th scope=\"row\">Tarifa Fibra 600Mb y 2 l\u00edneas m\u00f3viles de 10GB y 40GB<br \/>\n<small>600Mb de fibra, l\u00ednea fija incluida y dos l\u00edneas m\u00f3viles de 10GB y 40GB con llamadas ilimitadas con SMS ilimitados a destinos nacionales.<\/small><\/th>\n<td>35\u20ac<\/td>\n<td>30,95\u20ac<\/td>\n<td>31,24\u20ac<\/td>\n<td>31,82\u20ac<\/td>\n<\/tr>\n<tr style=\"background: #0090D0; color: white;\">\n<td scope=\"col\">Tarifas Fibra<\/td>\n<td scope=\"col\">IVA<\/td>\n<td scope=\"col\">IGIC (Canarias)<\/td>\n<td scope=\"col\">IPSI (Melilla)<\/td>\n<td scope=\"col\">IPSI (Ceuta)<\/td>\n<\/tr>\n<tr>\n<th scope=\"row\">Tarifa Fibra 1Gb<br \/>\n<small>1Gb de fibra y l\u00ednea fija incluida con llamadas ilimitadas a destinos nacionales.<\/small><\/th>\n<td>31\u20ac<\/td>\n<td>27,41\u20ac<\/td>\n<td>27,67\u20ac<\/td>\n<td>28,18\u20ac<\/td>\n<\/tr>\n<tr>\n<th scope=\"row\">Tarifa Fibra 600Mb<br \/>\n<small>600Mb de fibra y l\u00ednea fija incluida con llamadas ilimitadas a destinos nacionales.<\/small><\/th>\n<td>27\u20ac<\/td>\n<td>23,88\u20ac<\/td>\n<td>24,10\u20ac<\/td>\n<td>24,55\u20ac<\/td>\n<\/tr>\n<tr>\n<th scope=\"row\">Tarifa Fibra 300Mb<br \/>\n<small>300Mb de fibra y l\u00ednea fija incluida con llamadas ilimitadas a destinos nacionales.<\/small><\/th>\n<td>23\u20ac<\/td>\n<td>20,34\u20ac<\/td>\n<td>20,91\u20ac<\/td>\n<td>20,53\u20ac<\/td>\n<\/tr>\n<tr style=\"background: #0090D0; color: white;\">\n<td scope=\"col\">Tarifas Fibra Adicional<\/td>\n<td scope=\"col\">IVA<\/td>\n<td scope=\"col\">IGIC (Canarias)<\/td>\n<td scope=\"col\">IPSI (Melilla)<\/td>\n<td scope=\"col\">IPSI (Ceuta)<\/td>\n<\/tr>\n<tr>\n<th scope=\"row\">Tarifa Fibra 1Gb<br \/>\n<small>1Gb de fibra y l\u00ednea fija incluida con llamadas ilimitadas a destinos nacionales.<\/small><\/th>\n<td>27\u20ac<\/td>\n<td>23,88\u20ac<\/td>\n<td>24,10\u20ac<\/td>\n<td>24,55\u20ac<\/td>\n<\/tr>\n<tr>\n<th scope=\"row\">Tarifa Fibra 600Mb<br \/>\n<small>600Mb de fibra y l\u00ednea fija incluida con llamadas ilimitadas a destinos nacionales.<\/small><\/th>\n<td>20\u20ac<\/td>\n<td>17,69\u20ac<\/td>\n<td>17,85\u20ac<\/td>\n<td>18,18\u20ac<\/td>\n<\/tr>\n<tr>\n<th scope=\"row\">Tarifa Fibra 300Mb<br \/>\n<small>600Mb de fibra y l\u00ednea fija incluida con llamadas ilimitadas a destinos nacionales.<\/small><\/th>\n<td>15\u20ac<\/td>\n<td>13,26\u20ac<\/td>\n<td>13,39\u20ac<\/td>\n<td>13,64\u20ac<\/td>\n<\/tr>\n<tr style=\"background: #0090D0; color: white;\">\n<td scope=\"col\">Tarifas M\u00f3vil Adicional<\/td>\n<td scope=\"col\">IVA<\/td>\n<td scope=\"col\">IGIC (Canarias)<\/td>\n<td scope=\"col\">IPSI (Melilla)<\/td>\n<td scope=\"col\">IPSI (Ceuta)<\/td>\n<\/tr>\n<tr>\n<th scope=\"row\">Tarifa m\u00f3vil adicional 300GB<br \/>\n<small>Por 15\u20ac (IVA incl.) incluye 300GB y llamadas ilimitadas a fijos y m\u00f3viles nacionales. Adem\u00e1s, puedes compartir datos entre las l\u00edneas m\u00f3viles contratadas.<\/small><\/th>\n<td>15\u20ac<\/td>\n<td>13,26\u20ac<\/td>\n<td>13,39\u20ac<\/td>\n<td>13,64\u20ac<\/td>\n<\/tr>\n<tr>\n<th scope=\"row\">Tarifa m\u00f3vil adicional 150GB<br \/>\n<small>Por 10\u20ac (IVA incl.) incluye 150GB y llamadas ilimitadas a fijos y m\u00f3viles nacionales. Adem\u00e1s, puedes compartir datos entre las l\u00edneas m\u00f3viles contratadas.<\/small><\/th>\n<td>10\u20ac<\/td>\n<td>8,84\u20ac<\/td>\n<td>8,93\u20ac<\/td>\n<td>9,09\u20ac<\/td>\n<\/tr>\n<tr>\n<th scope=\"row\">Tarifa m\u00f3vil adicional 40GB<br \/>\n<small>Por 5\u20ac (IVA incl.) incluye 40GB y llamadas ilimitadas a fijos y m\u00f3viles nacionales. Adem\u00e1s, puedes compartir datos entre las l\u00edneas m\u00f3viles contratadas.<\/small><\/th>\n<td>5\u20ac<\/td>\n<td>4,42\u20ac<\/td>\n<td>4,46\u20ac<\/td>\n<td>4,54\u20ac<\/td>\n<\/tr>\n<tr style=\"background: #0090D0; color: white;\">\n<td scope=\"col\">Tarifas M\u00f3vil<\/td>\n<td scope=\"col\">IVA<\/td>\n<td scope=\"col\">IGIC (Canarias)<\/td>\n<td scope=\"col\">IPSI (Melilla)<\/td>\n<td scope=\"col\">IPSI (Ceuta)<\/td>\n<\/tr>\n<tr>\n<th scope=\"row\">Tarifa M\u00f3vil 300GB<br \/>\n<small>300GB y llamadas ilimitadas a fijos y m\u00f3viles nacionales con SMS ilimitados a destinos nacionales.<\/small><\/th>\n<td>20\u20ac<\/td>\n<td>17,69\u20ac<\/td>\n<td>17,85\u20ac<\/td>\n<td>18,18\u20ac<\/td>\n<\/tr>\n<tr>\n<th scope=\"row\">Tarifa M\u00f3vil 150GB<br \/>\n<small>150GB y llamadas ilimitadas a fijos y m\u00f3viles nacionales con SMS ilimitados a destinos nacionales.<\/small><\/th>\n<td>15\u20ac<\/td>\n<td>13,26\u20ac<\/td>\n<td>13,39\u20ac<\/td>\n<td>13,64\u20ac<\/td>\n<\/tr>\n<tr>\n<th scope=\"row\">Tarifa M\u00f3vil 100GB<br \/>\n<small>100GB y llamadas ilimitadas a fijos y m\u00f3viles nacionales con SMS ilimitados a destinos nacionales.<\/small><\/th>\n<td>10\u20ac<\/td>\n<td>8,84\u20ac<\/td>\n<td>8,93\u20ac<\/td>\n<td>9,09\u20ac<\/td>\n<\/tr>\n<tr>\n<th scope=\"row\">Tarifa M\u00f3vil 50GB<br \/>\n<small>50GB y llamadas ilimitadas a fijos y m\u00f3viles nacionales con SMS ilimitados a destinos nacionales.<\/small><\/th>\n<td>7\u20ac<\/td>\n<td>6,19\u20ac<\/td>\n<td>6,25\u20ac<\/td>\n<td>6,36\u20ac<\/td>\n<\/tr>\n<\/tbody>\n<\/table>\n<div class='watch-action'><div class='watch-position align-left'><div class='action-like'><a class='lbg-style1 like-283 jlk' href='javascript:void(0)' data-task='like' data-post_id='283' data-nonce='7a90361548' rel='nofollow'><img class='wti-pixel' src='https:\/\/o2online.es\/ayuda\/wp-content\/plugins\/wti-like-post\/images\/pixel.gif' title='Like' \/><span class='lc-283 lc'>+5261<\/span><\/a><\/div><div class='action-unlike'><a class='unlbg-style1 unlike-283 jlk' href='javascript:void(0)' data-task='unlike' data-post_id='283' data-nonce='7a90361548' rel='nofollow'><img class='wti-pixel' src='https:\/\/o2online.es\/ayuda\/wp-content\/plugins\/wti-like-post\/images\/pixel.gif' title='Unlike' \/><span class='unlc-283 unlc'>-989<\/span><\/a><\/div> <\/div> <div class='status-283 status align-left'><\/div><\/div><div class='wti-clear'><\/div>","protected":false},"excerpt":{"rendered":"<p>A\u00a0continuaci\u00f3n\u00a0te mostramos las tarifas disponibles en O2 con los diferentes tipos de impuestos:\u00a0 Por la subida de precios de Netflix, el precio de las tarifas que lo incluyen pasar\u00e1n a ser de 47\u20ac y 58\u20ac (IVA incl) respectivamente desde el 18 de junio. Si contratas ahora, el nuevo precio lo ver\u00e1s reflejado a partir de [&hellip;]<\/p>\n","protected":false},"author":1,"featured_media":0,"comment_status":"closed","ping_status":"closed","sticky":false,"template":"","format":"standard","meta":{"footnotes":""},"categories":[10],"tags":[],"yoast_head":"<!-- This site is optimized with the Yoast SEO plugin v23.0 - https:\/\/yoast.com\/wordpress\/plugins\/seo\/ -->\n<title>Tarifas disponibles para su contrataci\u00f3n en O2 | O2 Ayuda<\/title>\n<meta name=\"description\" content=\"Aqu\u00ed encontrar\u00e1s todo lo que necesitas saber sobre las tarifas O2. T\u00fa eliges si necesitas solo m\u00f3vil o fibra y m\u00f3vil.\" \/>\n<meta name=\"robots\" content=\"index, follow, max-snippet:-1, max-image-preview:large, max-video-preview:-1\" \/>\n<link rel=\"canonical\" href=\"https:\/\/o2online.es\/ayuda\/tarifas-o2\/\" \/>\n<meta property=\"og:locale\" content=\"es_ES\" \/>\n<meta property=\"og:type\" content=\"article\" \/>\n<meta property=\"og:title\" content=\"Tarifas disponibles para su contrataci\u00f3n en O2 | O2 Ayuda\" \/>\n<meta property=\"og:description\" content=\"Aqu\u00ed encontrar\u00e1s todo lo que necesitas saber sobre las tarifas O2. T\u00fa eliges si necesitas solo m\u00f3vil o fibra y m\u00f3vil.\" \/>\n<meta property=\"og:url\" content=\"https:\/\/o2online.es\/ayuda\/tarifas-o2\/\" \/>\n<meta property=\"og:site_name\" content=\"O2 Ayuda\" \/>\n<meta property=\"article:published_time\" content=\"2019-02-27T14:46:24+00:00\" \/>\n<meta property=\"article:modified_time\" content=\"2026-04-30T12:08:25+00:00\" \/>\n<meta name=\"author\" content=\"ayuda\" \/>\n<meta name=\"twitter:card\" content=\"summary_large_image\" \/>\n<meta name=\"twitter:label1\" content=\"Escrito por\" \/>\n\t<meta name=\"twitter:data1\" content=\"ayuda\" \/>\n\t<meta name=\"twitter:label2\" content=\"Tiempo de lectura\" \/>\n\t<meta name=\"twitter:data2\" content=\"4 minutos\" \/>\n<script type=\"application\/ld+json\" class=\"yoast-schema-graph\">{\"@context\":\"https:\/\/schema.org\",\"@graph\":[{\"@type\":\"WebPage\",\"@id\":\"https:\/\/o2online.es\/ayuda\/tarifas-o2\/\",\"url\":\"https:\/\/o2online.es\/ayuda\/tarifas-o2\/\",\"name\":\"Tarifas disponibles para su contrataci\u00f3n en O2 | O2 Ayuda\",\"isPartOf\":{\"@id\":\"https:\/\/o2online.es\/ayuda\/#website\"},\"datePublished\":\"2019-02-27T14:46:24+00:00\",\"dateModified\":\"2026-04-30T12:08:25+00:00\",\"author\":{\"@id\":\"https:\/\/o2online.es\/ayuda\/#\/schema\/person\/fff3abc09b06453e498eab4ad26f3624\"},\"description\":\"Aqu\u00ed encontrar\u00e1s todo lo que necesitas saber sobre las tarifas O2. T\u00fa eliges si necesitas solo m\u00f3vil o fibra y m\u00f3vil.\",\"breadcrumb\":{\"@id\":\"https:\/\/o2online.es\/ayuda\/tarifas-o2\/#breadcrumb\"},\"inLanguage\":\"es\",\"potentialAction\":[{\"@type\":\"ReadAction\",\"target\":[\"https:\/\/o2online.es\/ayuda\/tarifas-o2\/\"]}]},{\"@type\":\"BreadcrumbList\",\"@id\":\"https:\/\/o2online.es\/ayuda\/tarifas-o2\/#breadcrumb\",\"itemListElement\":[{\"@type\":\"ListItem\",\"position\":1,\"name\":\"Portada\",\"item\":\"https:\/\/o2online.es\/ayuda\/\"},{\"@type\":\"ListItem\",\"position\":2,\"name\":\"Tarifas disponibles en O2\"}]},{\"@type\":\"WebSite\",\"@id\":\"https:\/\/o2online.es\/ayuda\/#website\",\"url\":\"https:\/\/o2online.es\/ayuda\/\",\"name\":\"O2 Ayuda\",\"description\":\"Consulta tus dudas sobre servicios y tarifas\",\"potentialAction\":[{\"@type\":\"SearchAction\",\"target\":{\"@type\":\"EntryPoint\",\"urlTemplate\":\"https:\/\/o2online.es\/ayuda\/?s={search_term_string}\"},\"query-input\":\"required name=search_term_string\"}],\"inLanguage\":\"es\"},{\"@type\":\"Person\",\"@id\":\"https:\/\/o2online.es\/ayuda\/#\/schema\/person\/fff3abc09b06453e498eab4ad26f3624\",\"name\":\"ayuda\",\"image\":{\"@type\":\"ImageObject\",\"inLanguage\":\"es\",\"@id\":\"https:\/\/o2online.es\/ayuda\/#\/schema\/person\/image\/\",\"url\":\"https:\/\/secure.gravatar.com\/avatar\/583e2c6edc326c65bbdf90477feb4392?s=96&d=mm&r=g\",\"contentUrl\":\"https:\/\/secure.gravatar.com\/avatar\/583e2c6edc326c65bbdf90477feb4392?s=96&d=mm&r=g\",\"caption\":\"ayuda\"},\"url\":\"https:\/\/o2online.es\/ayuda\/author\/ayuda\/\"}]}<\/script>\n<!-- \/ Yoast SEO plugin. -->","yoast_head_json":{"title":"Tarifas disponibles para su contrataci\u00f3n en O2 | O2 Ayuda","description":"Aqu\u00ed encontrar\u00e1s todo lo que necesitas saber sobre las tarifas O2. T\u00fa eliges si necesitas solo m\u00f3vil o fibra y m\u00f3vil.","robots":{"index":"index","follow":"follow","max-snippet":"max-snippet:-1","max-image-preview":"max-image-preview:large","max-video-preview":"max-video-preview:-1"},"canonical":"https:\/\/o2online.es\/ayuda\/tarifas-o2\/","og_locale":"es_ES","og_type":"article","og_title":"Tarifas disponibles para su contrataci\u00f3n en O2 | O2 Ayuda","og_description":"Aqu\u00ed encontrar\u00e1s todo lo que necesitas saber sobre las tarifas O2. T\u00fa eliges si necesitas solo m\u00f3vil o fibra y m\u00f3vil.","og_url":"https:\/\/o2online.es\/ayuda\/tarifas-o2\/","og_site_name":"O2 Ayuda","article_published_time":"2019-02-27T14:46:24+00:00","article_modified_time":"2026-04-30T12:08:25+00:00","author":"ayuda","twitter_card":"summary_large_image","twitter_misc":{"Escrito por":"ayuda","Tiempo de lectura":"4 minutos"},"schema":{"@context":"https:\/\/schema.org","@graph":[{"@type":"WebPage","@id":"https:\/\/o2online.es\/ayuda\/tarifas-o2\/","url":"https:\/\/o2online.es\/ayuda\/tarifas-o2\/","name":"Tarifas disponibles para su contrataci\u00f3n en O2 | O2 Ayuda","isPartOf":{"@id":"https:\/\/o2online.es\/ayuda\/#website"},"datePublished":"2019-02-27T14:46:24+00:00","dateModified":"2026-04-30T12:08:25+00:00","author":{"@id":"https:\/\/o2online.es\/ayuda\/#\/schema\/person\/fff3abc09b06453e498eab4ad26f3624"},"description":"Aqu\u00ed encontrar\u00e1s todo lo que necesitas saber sobre las tarifas O2. T\u00fa eliges si necesitas solo m\u00f3vil o fibra y m\u00f3vil.","breadcrumb":{"@id":"https:\/\/o2online.es\/ayuda\/tarifas-o2\/#breadcrumb"},"inLanguage":"es","potentialAction":[{"@type":"ReadAction","target":["https:\/\/o2online.es\/ayuda\/tarifas-o2\/"]}]},{"@type":"BreadcrumbList","@id":"https:\/\/o2online.es\/ayuda\/tarifas-o2\/#breadcrumb","itemListElement":[{"@type":"ListItem","position":1,"name":"Portada","item":"https:\/\/o2online.es\/ayuda\/"},{"@type":"ListItem","position":2,"name":"Tarifas disponibles en O2"}]},{"@type":"WebSite","@id":"https:\/\/o2online.es\/ayuda\/#website","url":"https:\/\/o2online.es\/ayuda\/","name":"O2 Ayuda","description":"Consulta tus dudas sobre servicios y tarifas","potentialAction":[{"@type":"SearchAction","target":{"@type":"EntryPoint","urlTemplate":"https:\/\/o2online.es\/ayuda\/?s={search_term_string}"},"query-input":"required name=search_term_string"}],"inLanguage":"es"},{"@type":"Person","@id":"https:\/\/o2online.es\/ayuda\/#\/schema\/person\/fff3abc09b06453e498eab4ad26f3624","name":"ayuda","image":{"@type":"ImageObject","inLanguage":"es","@id":"https:\/\/o2online.es\/ayuda\/#\/schema\/person\/image\/","url":"https:\/\/secure.gravatar.com\/avatar\/583e2c6edc326c65bbdf90477feb4392?s=96&d=mm&r=g","contentUrl":"https:\/\/secure.gravatar.com\/avatar\/583e2c6edc326c65bbdf90477feb4392?s=96&d=mm&r=g","caption":"ayuda"},"url":"https:\/\/o2online.es\/ayuda\/author\/ayuda\/"}]}},"jetpack_featured_media_url":"","_links":{"self":[{"href":"https:\/\/o2online.es\/ayuda\/wp-json\/wp\/v2\/posts\/283"}],"collection":[{"href":"https:\/\/o2online.es\/ayuda\/wp-json\/wp\/v2\/posts"}],"about":[{"href":"https:\/\/o2online.es\/ayuda\/wp-json\/wp\/v2\/types\/post"}],"author":[{"embeddable":true,"href":"https:\/\/o2online.es\/ayuda\/wp-json\/wp\/v2\/users\/1"}],"replies":[{"embeddable":true,"href":"https:\/\/o2online.es\/ayuda\/wp-json\/wp\/v2\/comments?post=283"}],"version-history":[{"count":55,"href":"https:\/\/o2online.es\/ayuda\/wp-json\/wp\/v2\/posts\/283\/revisions"}],"predecessor-version":[{"id":8314,"href":"https:\/\/o2online.es\/ayuda\/wp-json\/wp\/v2\/posts\/283\/revisions\/8314"}],"wp:attachment":[{"href":"https:\/\/o2online.es\/ayuda\/wp-json\/wp\/v2\/media?parent=283"}],"wp:term":[{"taxonomy":"category","embeddable":true,"href":"https:\/\/o2online.es\/ayuda\/wp-json\/wp\/v2\/categories?post=283"},{"taxonomy":"post_tag","embeddable":true,"href":"https:\/\/o2online.es\/ayuda\/wp-json\/wp\/v2\/tags?post=283"}],"curies":[{"name":"wp","href":"https:\/\/api.w.org\/{rel}","templated":true}]}}