{"id":2977,"date":"2022-09-17T10:50:35","date_gmt":"2022-09-17T08:50:35","guid":{"rendered":"https:\/\/precms.o2online.es\/ayuda\/?p=2977"},"modified":"2022-12-27T12:26:15","modified_gmt":"2022-12-27T11:26:15","slug":"com-sera-la-meva-primera-factura-a-o2","status":"publish","type":"post","link":"https:\/\/o2online.es\/ayuda\/com-sera-la-meva-primera-factura-a-o2\/","title":{"rendered":"Com ser\u00e0 la meva primera factura a O2?"},"content":{"rendered":"<p><strong>La teva primera factura a O2 ser\u00e0 diferent<\/strong> de la resta de factures que rebr\u00e0s m\u00e9s endavant:<\/p>\n<p>T\u2019expliquem per qu\u00e8:<\/p>\n<ul>\n<li><strong>La teva primera factura comen\u00e7ar\u00e0 la data d\u2019activaci\u00f3 del servei i finalitzar\u00e0 el dia 17 seg\u00fcent<\/strong>, que \u00e9s el dia que es tanca el cicle de facturaci\u00f3.<\/li>\n<\/ul>\n<ul>\n<li>Probablement, la teva primera factura no ser\u00e0 d\u2019un mes complet, per aix\u00f2,\u00a0aplicarem un prorrateig en funci\u00f3 dels dies que l\u2019has tingut activa. Per tant, el preu de\u00a0la quota de tarifa a la teva primera factura ser\u00e0 inferior del\u00a0que\u00a0tindr\u00e0s a les factures seg\u00fcents.<\/li>\n<\/ul>\n<ul>\n<li>Si contractes\u00a0<strong>Fibra i M\u00f2bil (5G) <\/strong>per\u00f2 la l\u00ednia m\u00f2bil s\u2019activa abans que la fixa, es generar\u00e0 una\u00a0<em>prefactura<\/em>\u00a0amb l\u2019import corresponent fins que es produeixi l\u2019alta del fix. No obstant aix\u00f2, si actives abans la part fixa que la part m\u00f2bil, ser\u00e0 aquest dia en el qual comenci el teu primer cicle de facturaci\u00f3.<\/li>\n<\/ul>\n<p>Recorda que pots veure i descarregar-te les factures amb l\u2019<a href=\"https:\/\/o2online.es\/ayuda\/que-puc-consultar-a-laplicacio-mi-o2\">app Mi O2.<\/a><\/p>\n<div class='watch-action'><div class='watch-position align-left'><div class='action-like'><a class='lbg-style1 like-2977 jlk' href='javascript:void(0)' data-task='like' data-post_id='2977' data-nonce='613894e661' rel='nofollow'><img class='wti-pixel' src='https:\/\/o2online.es\/ayuda\/wp-content\/plugins\/wti-like-post\/images\/pixel.gif' title='Like' \/><span class='lc-2977 lc'>+8<\/span><\/a><\/div><div class='action-unlike'><a class='unlbg-style1 unlike-2977 jlk' href='javascript:void(0)' data-task='unlike' data-post_id='2977' data-nonce='613894e661' rel='nofollow'><img class='wti-pixel' src='https:\/\/o2online.es\/ayuda\/wp-content\/plugins\/wti-like-post\/images\/pixel.gif' title='Unlike' \/><span class='unlc-2977 unlc'>0<\/span><\/a><\/div> <\/div> <div class='status-2977 status align-left'><\/div><\/div><div class='wti-clear'><\/div>","protected":false},"excerpt":{"rendered":"<p>La teva primera factura a O2 ser\u00e0 diferent de la resta de factures que rebr\u00e0s m\u00e9s endavant: T\u2019expliquem per qu\u00e8: La teva primera factura comen\u00e7ar\u00e0 la data d\u2019activaci\u00f3 del servei i finalitzar\u00e0 el dia 17 seg\u00fcent, que \u00e9s el dia que es tanca el cicle de facturaci\u00f3. Probablement, la teva primera factura no ser\u00e0 d\u2019un [&hellip;]<\/p>\n","protected":false},"author":1,"featured_media":0,"comment_status":"open","ping_status":"open","sticky":false,"template":"","format":"standard","meta":{"footnotes":""},"categories":[876],"tags":[],"yoast_head":"<!-- This site is optimized with the Yoast SEO plugin v23.0 - https:\/\/yoast.com\/wordpress\/plugins\/seo\/ -->\n<title>\u00bfC\u00f3mo va a ser mi primera factura en O2? | O2 Ayuda<\/title>\n<meta name=\"description\" content=\"La primera factura que recibir\u00e1s de O2 ser\u00e1 diferente al resto, ya que el primer mes de tarifa no lo disfrutas en su totalidad.\" \/>\n<meta name=\"robots\" content=\"index, follow, max-snippet:-1, max-image-preview:large, max-video-preview:-1\" \/>\n<link rel=\"canonical\" href=\"https:\/\/o2online.es\/ayuda\/com-sera-la-meva-primera-factura-a-o2\/\" \/>\n<meta property=\"og:locale\" content=\"es_ES\" \/>\n<meta property=\"og:type\" content=\"article\" \/>\n<meta property=\"og:title\" content=\"\u00bfC\u00f3mo va a ser mi primera factura en O2? | O2 Ayuda\" \/>\n<meta property=\"og:description\" content=\"La primera factura que recibir\u00e1s de O2 ser\u00e1 diferente al resto, ya que el primer mes de tarifa no lo disfrutas en su totalidad.\" \/>\n<meta property=\"og:url\" content=\"https:\/\/o2online.es\/ayuda\/com-sera-la-meva-primera-factura-a-o2\/\" \/>\n<meta property=\"og:site_name\" content=\"O2 Ayuda\" \/>\n<meta property=\"article:published_time\" content=\"2022-09-17T08:50:35+00:00\" \/>\n<meta property=\"article:modified_time\" content=\"2022-12-27T11:26:15+00:00\" \/>\n<meta name=\"author\" content=\"ayuda\" \/>\n<meta name=\"twitter:card\" content=\"summary_large_image\" \/>\n<meta name=\"twitter:label1\" content=\"Escrito por\" \/>\n\t<meta name=\"twitter:data1\" content=\"ayuda\" \/>\n\t<meta name=\"twitter:label2\" content=\"Tiempo de lectura\" \/>\n\t<meta name=\"twitter:data2\" content=\"1 minuto\" \/>\n<script type=\"application\/ld+json\" class=\"yoast-schema-graph\">{\"@context\":\"https:\/\/schema.org\",\"@graph\":[{\"@type\":\"WebPage\",\"@id\":\"https:\/\/o2online.es\/ayuda\/com-sera-la-meva-primera-factura-a-o2\/\",\"url\":\"https:\/\/o2online.es\/ayuda\/com-sera-la-meva-primera-factura-a-o2\/\",\"name\":\"\u00bfC\u00f3mo va a ser mi primera factura en O2? | O2 Ayuda\",\"isPartOf\":{\"@id\":\"https:\/\/o2online.es\/ayuda\/#website\"},\"datePublished\":\"2022-09-17T08:50:35+00:00\",\"dateModified\":\"2022-12-27T11:26:15+00:00\",\"author\":{\"@id\":\"https:\/\/o2online.es\/ayuda\/#\/schema\/person\/fff3abc09b06453e498eab4ad26f3624\"},\"description\":\"La primera factura que recibir\u00e1s de O2 ser\u00e1 diferente al resto, ya que el primer mes de tarifa no lo disfrutas en su totalidad.\",\"breadcrumb\":{\"@id\":\"https:\/\/o2online.es\/ayuda\/com-sera-la-meva-primera-factura-a-o2\/#breadcrumb\"},\"inLanguage\":\"es\",\"potentialAction\":[{\"@type\":\"ReadAction\",\"target\":[\"https:\/\/o2online.es\/ayuda\/com-sera-la-meva-primera-factura-a-o2\/\"]}]},{\"@type\":\"BreadcrumbList\",\"@id\":\"https:\/\/o2online.es\/ayuda\/com-sera-la-meva-primera-factura-a-o2\/#breadcrumb\",\"itemListElement\":[{\"@type\":\"ListItem\",\"position\":1,\"name\":\"Portada\",\"item\":\"https:\/\/o2online.es\/ayuda\/\"},{\"@type\":\"ListItem\",\"position\":2,\"name\":\"Com ser\u00e0 la meva primera factura a O2?\"}]},{\"@type\":\"WebSite\",\"@id\":\"https:\/\/o2online.es\/ayuda\/#website\",\"url\":\"https:\/\/o2online.es\/ayuda\/\",\"name\":\"O2 Ayuda\",\"description\":\"Consulta tus dudas sobre servicios y tarifas\",\"potentialAction\":[{\"@type\":\"SearchAction\",\"target\":{\"@type\":\"EntryPoint\",\"urlTemplate\":\"https:\/\/o2online.es\/ayuda\/?s={search_term_string}\"},\"query-input\":\"required name=search_term_string\"}],\"inLanguage\":\"es\"},{\"@type\":\"Person\",\"@id\":\"https:\/\/o2online.es\/ayuda\/#\/schema\/person\/fff3abc09b06453e498eab4ad26f3624\",\"name\":\"ayuda\",\"image\":{\"@type\":\"ImageObject\",\"inLanguage\":\"es\",\"@id\":\"https:\/\/o2online.es\/ayuda\/#\/schema\/person\/image\/\",\"url\":\"https:\/\/secure.gravatar.com\/avatar\/583e2c6edc326c65bbdf90477feb4392?s=96&d=mm&r=g\",\"contentUrl\":\"https:\/\/secure.gravatar.com\/avatar\/583e2c6edc326c65bbdf90477feb4392?s=96&d=mm&r=g\",\"caption\":\"ayuda\"},\"url\":\"https:\/\/o2online.es\/ayuda\/author\/ayuda\/\"}]}<\/script>\n<!-- \/ Yoast SEO plugin. -->","yoast_head_json":{"title":"\u00bfC\u00f3mo va a ser mi primera factura en O2? | O2 Ayuda","description":"La primera factura que recibir\u00e1s de O2 ser\u00e1 diferente al resto, ya que el primer mes de tarifa no lo disfrutas en su totalidad.","robots":{"index":"index","follow":"follow","max-snippet":"max-snippet:-1","max-image-preview":"max-image-preview:large","max-video-preview":"max-video-preview:-1"},"canonical":"https:\/\/o2online.es\/ayuda\/com-sera-la-meva-primera-factura-a-o2\/","og_locale":"es_ES","og_type":"article","og_title":"\u00bfC\u00f3mo va a ser mi primera factura en O2? | O2 Ayuda","og_description":"La primera factura que recibir\u00e1s de O2 ser\u00e1 diferente al resto, ya que el primer mes de tarifa no lo disfrutas en su totalidad.","og_url":"https:\/\/o2online.es\/ayuda\/com-sera-la-meva-primera-factura-a-o2\/","og_site_name":"O2 Ayuda","article_published_time":"2022-09-17T08:50:35+00:00","article_modified_time":"2022-12-27T11:26:15+00:00","author":"ayuda","twitter_card":"summary_large_image","twitter_misc":{"Escrito por":"ayuda","Tiempo de lectura":"1 minuto"},"schema":{"@context":"https:\/\/schema.org","@graph":[{"@type":"WebPage","@id":"https:\/\/o2online.es\/ayuda\/com-sera-la-meva-primera-factura-a-o2\/","url":"https:\/\/o2online.es\/ayuda\/com-sera-la-meva-primera-factura-a-o2\/","name":"\u00bfC\u00f3mo va a ser mi primera factura en O2? | O2 Ayuda","isPartOf":{"@id":"https:\/\/o2online.es\/ayuda\/#website"},"datePublished":"2022-09-17T08:50:35+00:00","dateModified":"2022-12-27T11:26:15+00:00","author":{"@id":"https:\/\/o2online.es\/ayuda\/#\/schema\/person\/fff3abc09b06453e498eab4ad26f3624"},"description":"La primera factura que recibir\u00e1s de O2 ser\u00e1 diferente al resto, ya que el primer mes de tarifa no lo disfrutas en su totalidad.","breadcrumb":{"@id":"https:\/\/o2online.es\/ayuda\/com-sera-la-meva-primera-factura-a-o2\/#breadcrumb"},"inLanguage":"es","potentialAction":[{"@type":"ReadAction","target":["https:\/\/o2online.es\/ayuda\/com-sera-la-meva-primera-factura-a-o2\/"]}]},{"@type":"BreadcrumbList","@id":"https:\/\/o2online.es\/ayuda\/com-sera-la-meva-primera-factura-a-o2\/#breadcrumb","itemListElement":[{"@type":"ListItem","position":1,"name":"Portada","item":"https:\/\/o2online.es\/ayuda\/"},{"@type":"ListItem","position":2,"name":"Com ser\u00e0 la meva primera factura a O2?"}]},{"@type":"WebSite","@id":"https:\/\/o2online.es\/ayuda\/#website","url":"https:\/\/o2online.es\/ayuda\/","name":"O2 Ayuda","description":"Consulta tus dudas sobre servicios y tarifas","potentialAction":[{"@type":"SearchAction","target":{"@type":"EntryPoint","urlTemplate":"https:\/\/o2online.es\/ayuda\/?s={search_term_string}"},"query-input":"required name=search_term_string"}],"inLanguage":"es"},{"@type":"Person","@id":"https:\/\/o2online.es\/ayuda\/#\/schema\/person\/fff3abc09b06453e498eab4ad26f3624","name":"ayuda","image":{"@type":"ImageObject","inLanguage":"es","@id":"https:\/\/o2online.es\/ayuda\/#\/schema\/person\/image\/","url":"https:\/\/secure.gravatar.com\/avatar\/583e2c6edc326c65bbdf90477feb4392?s=96&d=mm&r=g","contentUrl":"https:\/\/secure.gravatar.com\/avatar\/583e2c6edc326c65bbdf90477feb4392?s=96&d=mm&r=g","caption":"ayuda"},"url":"https:\/\/o2online.es\/ayuda\/author\/ayuda\/"}]}},"jetpack_featured_media_url":"","_links":{"self":[{"href":"https:\/\/o2online.es\/ayuda\/wp-json\/wp\/v2\/posts\/2977"}],"collection":[{"href":"https:\/\/o2online.es\/ayuda\/wp-json\/wp\/v2\/posts"}],"about":[{"href":"https:\/\/o2online.es\/ayuda\/wp-json\/wp\/v2\/types\/post"}],"author":[{"embeddable":true,"href":"https:\/\/o2online.es\/ayuda\/wp-json\/wp\/v2\/users\/1"}],"replies":[{"embeddable":true,"href":"https:\/\/o2online.es\/ayuda\/wp-json\/wp\/v2\/comments?post=2977"}],"version-history":[{"count":0,"href":"https:\/\/o2online.es\/ayuda\/wp-json\/wp\/v2\/posts\/2977\/revisions"}],"wp:attachment":[{"href":"https:\/\/o2online.es\/ayuda\/wp-json\/wp\/v2\/media?parent=2977"}],"wp:term":[{"taxonomy":"category","embeddable":true,"href":"https:\/\/o2online.es\/ayuda\/wp-json\/wp\/v2\/categories?post=2977"},{"taxonomy":"post_tag","embeddable":true,"href":"https:\/\/o2online.es\/ayuda\/wp-json\/wp\/v2\/tags?post=2977"}],"curies":[{"name":"wp","href":"https:\/\/api.w.org\/{rel}","templated":true}]}}