{"id":2984,"date":"2020-01-24T10:52:26","date_gmt":"2020-01-24T09:52:26","guid":{"rendered":"https:\/\/precms.o2online.es\/ayuda\/?p=2984"},"modified":"2022-09-26T15:57:18","modified_gmt":"2022-09-26T13:57:18","slug":"si-contracto-fibra-i-mobil-quantes-factures-rebre","status":"publish","type":"post","link":"https:\/\/o2online.es\/ayuda\/si-contracto-fibra-i-mobil-quantes-factures-rebre\/","title":{"rendered":"Si contracto fibra i m\u00f2bil, quantes factures rebr\u00e9?"},"content":{"rendered":"<p>Si has contractat fibra, m\u00f2bil i l\u00ednies m\u00f2bils addicionals amb O2, rebr\u00e0s les factures seg\u00fcents:<\/p>\n<ul>\n<li>Una factura emesa per Telef\u00f3nica de Espa\u00f1a pels conceptes facturables de la quota mensual de la tarifa fibra i m\u00f2bil.<\/li>\n<li>Una altra factura emesa per Telef\u00f3nica M\u00f3viles Espa\u00f1a pels conceptes facturables dels consums de l\u00ednia m\u00f2bil principal que excedeixin de la tarifa contractada.<\/li>\n<li>Tantes factures independents emeses per Telef\u00f3nica M\u00f3viles Espa\u00f1a com a l\u00ednies m\u00f2bils addicionals hagis contractat. Aquesta factura inclou tots els conceptes facturables relatius a aquestes l\u00ednies. \u00c9s a dir, tarifa o quota mensual i consums que sobrepassin la tarifa contractada.<\/li>\n<\/ul>\n<div class='watch-action'><div class='watch-position align-left'><div class='action-like'><a class='lbg-style1 like-2984 jlk' href='javascript:void(0)' data-task='like' data-post_id='2984' data-nonce='613894e661' rel='nofollow'><img class='wti-pixel' src='https:\/\/o2online.es\/ayuda\/wp-content\/plugins\/wti-like-post\/images\/pixel.gif' title='Like' \/><span class='lc-2984 lc'>0<\/span><\/a><\/div><div class='action-unlike'><a class='unlbg-style1 unlike-2984 jlk' href='javascript:void(0)' data-task='unlike' data-post_id='2984' data-nonce='613894e661' rel='nofollow'><img class='wti-pixel' src='https:\/\/o2online.es\/ayuda\/wp-content\/plugins\/wti-like-post\/images\/pixel.gif' title='Unlike' \/><span class='unlc-2984 unlc'>0<\/span><\/a><\/div> <\/div> <div class='status-2984 status align-left'><\/div><\/div><div class='wti-clear'><\/div>","protected":false},"excerpt":{"rendered":"<p>Si has contractat fibra, m\u00f2bil i l\u00ednies m\u00f2bils addicionals amb O2, rebr\u00e0s les factures seg\u00fcents: Una factura emesa per Telef\u00f3nica de Espa\u00f1a pels conceptes facturables de la quota mensual de la tarifa fibra i m\u00f2bil. Una altra factura emesa per Telef\u00f3nica M\u00f3viles Espa\u00f1a pels conceptes facturables dels consums de l\u00ednia m\u00f2bil principal que excedeixin de [&hellip;]<\/p>\n","protected":false},"author":1,"featured_media":0,"comment_status":"open","ping_status":"open","sticky":false,"template":"","format":"standard","meta":{"footnotes":""},"categories":[876],"tags":[],"yoast_head":"<!-- This site is optimized with the Yoast SEO plugin v23.0 - https:\/\/yoast.com\/wordpress\/plugins\/seo\/ -->\n<title>Si contracto fibra i m\u00f2bil, quantes factures rebr\u00e9? | O2 Ayuda<\/title>\n<meta name=\"robots\" content=\"index, follow, max-snippet:-1, max-image-preview:large, max-video-preview:-1\" \/>\n<link rel=\"canonical\" href=\"https:\/\/o2online.es\/ayuda\/si-contracto-fibra-i-mobil-quantes-factures-rebre\/\" \/>\n<meta property=\"og:locale\" content=\"es_ES\" \/>\n<meta property=\"og:type\" content=\"article\" \/>\n<meta property=\"og:title\" content=\"Si contracto fibra i m\u00f2bil, quantes factures rebr\u00e9? | O2 Ayuda\" \/>\n<meta property=\"og:description\" content=\"Si has contractat fibra, m\u00f2bil i l\u00ednies m\u00f2bils addicionals amb O2, rebr\u00e0s les factures seg\u00fcents: Una factura emesa per Telef\u00f3nica de Espa\u00f1a pels conceptes facturables de la quota mensual de la tarifa fibra i m\u00f2bil. Una altra factura emesa per Telef\u00f3nica M\u00f3viles Espa\u00f1a pels conceptes facturables dels consums de l\u00ednia m\u00f2bil principal que excedeixin de [&hellip;]\" \/>\n<meta property=\"og:url\" content=\"https:\/\/o2online.es\/ayuda\/si-contracto-fibra-i-mobil-quantes-factures-rebre\/\" \/>\n<meta property=\"og:site_name\" content=\"O2 Ayuda\" \/>\n<meta property=\"article:published_time\" content=\"2020-01-24T09:52:26+00:00\" \/>\n<meta property=\"article:modified_time\" content=\"2022-09-26T13:57:18+00:00\" \/>\n<meta name=\"author\" content=\"ayuda\" \/>\n<meta name=\"twitter:card\" content=\"summary_large_image\" \/>\n<meta name=\"twitter:label1\" content=\"Escrito por\" \/>\n\t<meta name=\"twitter:data1\" content=\"ayuda\" \/>\n\t<meta name=\"twitter:label2\" content=\"Tiempo de lectura\" \/>\n\t<meta name=\"twitter:data2\" content=\"1 minuto\" \/>\n<script type=\"application\/ld+json\" class=\"yoast-schema-graph\">{\"@context\":\"https:\/\/schema.org\",\"@graph\":[{\"@type\":\"WebPage\",\"@id\":\"https:\/\/o2online.es\/ayuda\/si-contracto-fibra-i-mobil-quantes-factures-rebre\/\",\"url\":\"https:\/\/o2online.es\/ayuda\/si-contracto-fibra-i-mobil-quantes-factures-rebre\/\",\"name\":\"Si contracto fibra i m\u00f2bil, quantes factures rebr\u00e9? | O2 Ayuda\",\"isPartOf\":{\"@id\":\"https:\/\/o2online.es\/ayuda\/#website\"},\"datePublished\":\"2020-01-24T09:52:26+00:00\",\"dateModified\":\"2022-09-26T13:57:18+00:00\",\"author\":{\"@id\":\"https:\/\/o2online.es\/ayuda\/#\/schema\/person\/fff3abc09b06453e498eab4ad26f3624\"},\"breadcrumb\":{\"@id\":\"https:\/\/o2online.es\/ayuda\/si-contracto-fibra-i-mobil-quantes-factures-rebre\/#breadcrumb\"},\"inLanguage\":\"es\",\"potentialAction\":[{\"@type\":\"ReadAction\",\"target\":[\"https:\/\/o2online.es\/ayuda\/si-contracto-fibra-i-mobil-quantes-factures-rebre\/\"]}]},{\"@type\":\"BreadcrumbList\",\"@id\":\"https:\/\/o2online.es\/ayuda\/si-contracto-fibra-i-mobil-quantes-factures-rebre\/#breadcrumb\",\"itemListElement\":[{\"@type\":\"ListItem\",\"position\":1,\"name\":\"Portada\",\"item\":\"https:\/\/o2online.es\/ayuda\/\"},{\"@type\":\"ListItem\",\"position\":2,\"name\":\"Si contracto fibra i m\u00f2bil, quantes factures rebr\u00e9?\"}]},{\"@type\":\"WebSite\",\"@id\":\"https:\/\/o2online.es\/ayuda\/#website\",\"url\":\"https:\/\/o2online.es\/ayuda\/\",\"name\":\"O2 Ayuda\",\"description\":\"Consulta tus dudas sobre servicios y tarifas\",\"potentialAction\":[{\"@type\":\"SearchAction\",\"target\":{\"@type\":\"EntryPoint\",\"urlTemplate\":\"https:\/\/o2online.es\/ayuda\/?s={search_term_string}\"},\"query-input\":\"required name=search_term_string\"}],\"inLanguage\":\"es\"},{\"@type\":\"Person\",\"@id\":\"https:\/\/o2online.es\/ayuda\/#\/schema\/person\/fff3abc09b06453e498eab4ad26f3624\",\"name\":\"ayuda\",\"image\":{\"@type\":\"ImageObject\",\"inLanguage\":\"es\",\"@id\":\"https:\/\/o2online.es\/ayuda\/#\/schema\/person\/image\/\",\"url\":\"https:\/\/secure.gravatar.com\/avatar\/583e2c6edc326c65bbdf90477feb4392?s=96&d=mm&r=g\",\"contentUrl\":\"https:\/\/secure.gravatar.com\/avatar\/583e2c6edc326c65bbdf90477feb4392?s=96&d=mm&r=g\",\"caption\":\"ayuda\"},\"url\":\"https:\/\/o2online.es\/ayuda\/author\/ayuda\/\"}]}<\/script>\n<!-- \/ Yoast SEO plugin. -->","yoast_head_json":{"title":"Si contracto fibra i m\u00f2bil, quantes factures rebr\u00e9? | O2 Ayuda","robots":{"index":"index","follow":"follow","max-snippet":"max-snippet:-1","max-image-preview":"max-image-preview:large","max-video-preview":"max-video-preview:-1"},"canonical":"https:\/\/o2online.es\/ayuda\/si-contracto-fibra-i-mobil-quantes-factures-rebre\/","og_locale":"es_ES","og_type":"article","og_title":"Si contracto fibra i m\u00f2bil, quantes factures rebr\u00e9? | O2 Ayuda","og_description":"Si has contractat fibra, m\u00f2bil i l\u00ednies m\u00f2bils addicionals amb O2, rebr\u00e0s les factures seg\u00fcents: Una factura emesa per Telef\u00f3nica de Espa\u00f1a pels conceptes facturables de la quota mensual de la tarifa fibra i m\u00f2bil. Una altra factura emesa per Telef\u00f3nica M\u00f3viles Espa\u00f1a pels conceptes facturables dels consums de l\u00ednia m\u00f2bil principal que excedeixin de [&hellip;]","og_url":"https:\/\/o2online.es\/ayuda\/si-contracto-fibra-i-mobil-quantes-factures-rebre\/","og_site_name":"O2 Ayuda","article_published_time":"2020-01-24T09:52:26+00:00","article_modified_time":"2022-09-26T13:57:18+00:00","author":"ayuda","twitter_card":"summary_large_image","twitter_misc":{"Escrito por":"ayuda","Tiempo de lectura":"1 minuto"},"schema":{"@context":"https:\/\/schema.org","@graph":[{"@type":"WebPage","@id":"https:\/\/o2online.es\/ayuda\/si-contracto-fibra-i-mobil-quantes-factures-rebre\/","url":"https:\/\/o2online.es\/ayuda\/si-contracto-fibra-i-mobil-quantes-factures-rebre\/","name":"Si contracto fibra i m\u00f2bil, quantes factures rebr\u00e9? | O2 Ayuda","isPartOf":{"@id":"https:\/\/o2online.es\/ayuda\/#website"},"datePublished":"2020-01-24T09:52:26+00:00","dateModified":"2022-09-26T13:57:18+00:00","author":{"@id":"https:\/\/o2online.es\/ayuda\/#\/schema\/person\/fff3abc09b06453e498eab4ad26f3624"},"breadcrumb":{"@id":"https:\/\/o2online.es\/ayuda\/si-contracto-fibra-i-mobil-quantes-factures-rebre\/#breadcrumb"},"inLanguage":"es","potentialAction":[{"@type":"ReadAction","target":["https:\/\/o2online.es\/ayuda\/si-contracto-fibra-i-mobil-quantes-factures-rebre\/"]}]},{"@type":"BreadcrumbList","@id":"https:\/\/o2online.es\/ayuda\/si-contracto-fibra-i-mobil-quantes-factures-rebre\/#breadcrumb","itemListElement":[{"@type":"ListItem","position":1,"name":"Portada","item":"https:\/\/o2online.es\/ayuda\/"},{"@type":"ListItem","position":2,"name":"Si contracto fibra i m\u00f2bil, quantes factures rebr\u00e9?"}]},{"@type":"WebSite","@id":"https:\/\/o2online.es\/ayuda\/#website","url":"https:\/\/o2online.es\/ayuda\/","name":"O2 Ayuda","description":"Consulta tus dudas sobre servicios y tarifas","potentialAction":[{"@type":"SearchAction","target":{"@type":"EntryPoint","urlTemplate":"https:\/\/o2online.es\/ayuda\/?s={search_term_string}"},"query-input":"required name=search_term_string"}],"inLanguage":"es"},{"@type":"Person","@id":"https:\/\/o2online.es\/ayuda\/#\/schema\/person\/fff3abc09b06453e498eab4ad26f3624","name":"ayuda","image":{"@type":"ImageObject","inLanguage":"es","@id":"https:\/\/o2online.es\/ayuda\/#\/schema\/person\/image\/","url":"https:\/\/secure.gravatar.com\/avatar\/583e2c6edc326c65bbdf90477feb4392?s=96&d=mm&r=g","contentUrl":"https:\/\/secure.gravatar.com\/avatar\/583e2c6edc326c65bbdf90477feb4392?s=96&d=mm&r=g","caption":"ayuda"},"url":"https:\/\/o2online.es\/ayuda\/author\/ayuda\/"}]}},"jetpack_featured_media_url":"","_links":{"self":[{"href":"https:\/\/o2online.es\/ayuda\/wp-json\/wp\/v2\/posts\/2984"}],"collection":[{"href":"https:\/\/o2online.es\/ayuda\/wp-json\/wp\/v2\/posts"}],"about":[{"href":"https:\/\/o2online.es\/ayuda\/wp-json\/wp\/v2\/types\/post"}],"author":[{"embeddable":true,"href":"https:\/\/o2online.es\/ayuda\/wp-json\/wp\/v2\/users\/1"}],"replies":[{"embeddable":true,"href":"https:\/\/o2online.es\/ayuda\/wp-json\/wp\/v2\/comments?post=2984"}],"version-history":[{"count":0,"href":"https:\/\/o2online.es\/ayuda\/wp-json\/wp\/v2\/posts\/2984\/revisions"}],"wp:attachment":[{"href":"https:\/\/o2online.es\/ayuda\/wp-json\/wp\/v2\/media?parent=2984"}],"wp:term":[{"taxonomy":"category","embeddable":true,"href":"https:\/\/o2online.es\/ayuda\/wp-json\/wp\/v2\/categories?post=2984"},{"taxonomy":"post_tag","embeddable":true,"href":"https:\/\/o2online.es\/ayuda\/wp-json\/wp\/v2\/tags?post=2984"}],"curies":[{"name":"wp","href":"https:\/\/api.w.org\/{rel}","templated":true}]}}