{"id":4161,"date":"2022-02-08T11:33:32","date_gmt":"2022-02-08T10:33:32","guid":{"rendered":"https:\/\/precms.o2online.es\/ayuda\/?p=4161"},"modified":"2022-09-26T15:53:28","modified_gmt":"2022-09-26T13:53:28","slug":"actualitza-la-teva-adreca-electronica-de-contacte","status":"publish","type":"post","link":"https:\/\/o2online.es\/ayuda\/actualitza-la-teva-adreca-electronica-de-contacte\/","title":{"rendered":"Actualitza la teva adre\u00e7a electr\u00f2nica de contacte"},"content":{"rendered":"<p>Hola,<\/p>\n<p>Com a client d\u2019O2, sabr\u00e0s que nom\u00e9s ens posem en contacte amb tu quan t\u2019hem de comunicar alguna cosa\u202fimportant\u202freferent al servei que tens contractat.<\/p>\n<p><b>T\u2019enviem aquesta comunicaci\u00f3 perqu\u00e8 hem detectat que no disposem d\u2019una adre\u00e7a electr\u00f2nica v\u00e0lida per posar-nos en contacte amb tu <\/b>i necessitem assegurar-nos que quan t\u2019escrivim ho fem a l\u2019adre\u00e7a de correu electr\u00f2nic adequada.<\/p>\n<p>El fet que ens assegurem que tenim la teva adre\u00e7a electr\u00f2nica correcta no canvia les nostres pol\u00edtiques de comunicaci\u00f3, et continuarem escrivint nom\u00e9s quan t\u2019h\u00e0gim de dir coses importants, com ara canvis en les teves tarifes, modificacions de les condicions legals o enviar-te un resum de la teva factura de forma mensual.<\/p>\n<p><b>Pots modificar la teva adre\u00e7a electr\u00f2nica r\u00e0pidament des de l\u2019app\u00a0Mi O2 accedint a la secci\u00f3 dades personals, o <\/b><a href=\"https:\/\/tc937.app.goo.gl\/2Nqc\" target=\"_blank\" rel=\"noopener noreferrer\" data-auth=\"NotApplicable\" data-linkindex=\"4\"><b>des d\u2019aquest enlla\u00e7 directe a la secci\u00f3.<\/b><\/a><b> Si tens cap dubte de com fer-ho <\/b><a href=\"https:\/\/o2online.es\/ayuda\/como-modificar-tus-datos-personales\/\" target=\"_blank\" rel=\"noopener noreferrer\" data-auth=\"NotApplicable\" data-linkindex=\"5\"><b>pots consultar-ne els detalls aqu\u00ed.<\/b><\/a><\/p>\n<p>Cordialment,<span lang=\"en-US\">\u00a0<\/span><\/p>\n<p>L\u2019equip d\u2019O2<\/p>\n<div class='watch-action'><div class='watch-position align-left'><div class='action-like'><a class='lbg-style1 like-4161 jlk' href='javascript:void(0)' data-task='like' data-post_id='4161' data-nonce='7a90361548' rel='nofollow'><img class='wti-pixel' src='https:\/\/o2online.es\/ayuda\/wp-content\/plugins\/wti-like-post\/images\/pixel.gif' title='Like' \/><span class='lc-4161 lc'>0<\/span><\/a><\/div><div class='action-unlike'><a class='unlbg-style1 unlike-4161 jlk' href='javascript:void(0)' data-task='unlike' data-post_id='4161' data-nonce='7a90361548' rel='nofollow'><img class='wti-pixel' src='https:\/\/o2online.es\/ayuda\/wp-content\/plugins\/wti-like-post\/images\/pixel.gif' title='Unlike' \/><span class='unlc-4161 unlc'>0<\/span><\/a><\/div> <\/div> <div class='status-4161 status align-left'><\/div><\/div><div class='wti-clear'><\/div>","protected":false},"excerpt":{"rendered":"<p>Hola, Com a client d\u2019O2, sabr\u00e0s que nom\u00e9s ens posem en contacte amb tu quan t\u2019hem de comunicar alguna cosa\u202fimportant\u202freferent al servei que tens contractat. T\u2019enviem aquesta comunicaci\u00f3 perqu\u00e8 hem detectat que no disposem d\u2019una adre\u00e7a electr\u00f2nica v\u00e0lida per posar-nos en contacte amb tu i necessitem assegurar-nos que quan t\u2019escrivim ho fem a l\u2019adre\u00e7a de [&hellip;]<\/p>\n","protected":false},"author":22,"featured_media":0,"comment_status":"closed","ping_status":"closed","sticky":false,"template":"","format":"standard","meta":{"footnotes":""},"categories":[878],"tags":[],"yoast_head":"<!-- This site is optimized with the Yoast SEO plugin v23.0 - https:\/\/yoast.com\/wordpress\/plugins\/seo\/ -->\n<title>Actualitza la teva adre\u00e7a electr\u00f2nica de contacte | O2 Ayuda<\/title>\n<meta name=\"robots\" content=\"index, follow, max-snippet:-1, max-image-preview:large, max-video-preview:-1\" \/>\n<link rel=\"canonical\" href=\"https:\/\/o2online.es\/ayuda\/actualitza-la-teva-adreca-electronica-de-contacte\/\" \/>\n<meta property=\"og:locale\" content=\"es_ES\" \/>\n<meta property=\"og:type\" content=\"article\" \/>\n<meta property=\"og:title\" content=\"Actualitza la teva adre\u00e7a electr\u00f2nica de contacte | O2 Ayuda\" \/>\n<meta property=\"og:description\" content=\"Hola, Com a client d\u2019O2, sabr\u00e0s que nom\u00e9s ens posem en contacte amb tu quan t\u2019hem de comunicar alguna cosa\u202fimportant\u202freferent al servei que tens contractat. T\u2019enviem aquesta comunicaci\u00f3 perqu\u00e8 hem detectat que no disposem d\u2019una adre\u00e7a electr\u00f2nica v\u00e0lida per posar-nos en contacte amb tu i necessitem assegurar-nos que quan t\u2019escrivim ho fem a l\u2019adre\u00e7a de [&hellip;]\" \/>\n<meta property=\"og:url\" content=\"https:\/\/o2online.es\/ayuda\/actualitza-la-teva-adreca-electronica-de-contacte\/\" \/>\n<meta property=\"og:site_name\" content=\"O2 Ayuda\" \/>\n<meta property=\"article:published_time\" content=\"2022-02-08T10:33:32+00:00\" \/>\n<meta property=\"article:modified_time\" content=\"2022-09-26T13:53:28+00:00\" \/>\n<meta name=\"author\" content=\"Laura\" \/>\n<meta name=\"twitter:card\" content=\"summary_large_image\" \/>\n<meta name=\"twitter:label1\" content=\"Escrito por\" \/>\n\t<meta name=\"twitter:data1\" content=\"Laura\" \/>\n\t<meta name=\"twitter:label2\" content=\"Tiempo de lectura\" \/>\n\t<meta name=\"twitter:data2\" content=\"1 minuto\" \/>\n<script type=\"application\/ld+json\" class=\"yoast-schema-graph\">{\"@context\":\"https:\/\/schema.org\",\"@graph\":[{\"@type\":\"WebPage\",\"@id\":\"https:\/\/o2online.es\/ayuda\/actualitza-la-teva-adreca-electronica-de-contacte\/\",\"url\":\"https:\/\/o2online.es\/ayuda\/actualitza-la-teva-adreca-electronica-de-contacte\/\",\"name\":\"Actualitza la teva adre\u00e7a electr\u00f2nica de contacte | O2 Ayuda\",\"isPartOf\":{\"@id\":\"https:\/\/o2online.es\/ayuda\/#website\"},\"datePublished\":\"2022-02-08T10:33:32+00:00\",\"dateModified\":\"2022-09-26T13:53:28+00:00\",\"author\":{\"@id\":\"https:\/\/o2online.es\/ayuda\/#\/schema\/person\/e4a62f1c553197950f8e2f20c203778b\"},\"breadcrumb\":{\"@id\":\"https:\/\/o2online.es\/ayuda\/actualitza-la-teva-adreca-electronica-de-contacte\/#breadcrumb\"},\"inLanguage\":\"es\",\"potentialAction\":[{\"@type\":\"ReadAction\",\"target\":[\"https:\/\/o2online.es\/ayuda\/actualitza-la-teva-adreca-electronica-de-contacte\/\"]}]},{\"@type\":\"BreadcrumbList\",\"@id\":\"https:\/\/o2online.es\/ayuda\/actualitza-la-teva-adreca-electronica-de-contacte\/#breadcrumb\",\"itemListElement\":[{\"@type\":\"ListItem\",\"position\":1,\"name\":\"Portada\",\"item\":\"https:\/\/o2online.es\/ayuda\/\"},{\"@type\":\"ListItem\",\"position\":2,\"name\":\"Actualitza la teva adre\u00e7a electr\u00f2nica de contacte\"}]},{\"@type\":\"WebSite\",\"@id\":\"https:\/\/o2online.es\/ayuda\/#website\",\"url\":\"https:\/\/o2online.es\/ayuda\/\",\"name\":\"O2 Ayuda\",\"description\":\"Consulta tus dudas sobre servicios y tarifas\",\"potentialAction\":[{\"@type\":\"SearchAction\",\"target\":{\"@type\":\"EntryPoint\",\"urlTemplate\":\"https:\/\/o2online.es\/ayuda\/?s={search_term_string}\"},\"query-input\":\"required name=search_term_string\"}],\"inLanguage\":\"es\"},{\"@type\":\"Person\",\"@id\":\"https:\/\/o2online.es\/ayuda\/#\/schema\/person\/e4a62f1c553197950f8e2f20c203778b\",\"name\":\"Laura\",\"image\":{\"@type\":\"ImageObject\",\"inLanguage\":\"es\",\"@id\":\"https:\/\/o2online.es\/ayuda\/#\/schema\/person\/image\/\",\"url\":\"https:\/\/secure.gravatar.com\/avatar\/2f7d0c6030947bde946b5aad814ba9c5?s=96&d=mm&r=g\",\"contentUrl\":\"https:\/\/secure.gravatar.com\/avatar\/2f7d0c6030947bde946b5aad814ba9c5?s=96&d=mm&r=g\",\"caption\":\"Laura\"},\"url\":\"https:\/\/o2online.es\/ayuda\/author\/laura\/\"}]}<\/script>\n<!-- \/ Yoast SEO plugin. -->","yoast_head_json":{"title":"Actualitza la teva adre\u00e7a electr\u00f2nica de contacte | O2 Ayuda","robots":{"index":"index","follow":"follow","max-snippet":"max-snippet:-1","max-image-preview":"max-image-preview:large","max-video-preview":"max-video-preview:-1"},"canonical":"https:\/\/o2online.es\/ayuda\/actualitza-la-teva-adreca-electronica-de-contacte\/","og_locale":"es_ES","og_type":"article","og_title":"Actualitza la teva adre\u00e7a electr\u00f2nica de contacte | O2 Ayuda","og_description":"Hola, Com a client d\u2019O2, sabr\u00e0s que nom\u00e9s ens posem en contacte amb tu quan t\u2019hem de comunicar alguna cosa\u202fimportant\u202freferent al servei que tens contractat. T\u2019enviem aquesta comunicaci\u00f3 perqu\u00e8 hem detectat que no disposem d\u2019una adre\u00e7a electr\u00f2nica v\u00e0lida per posar-nos en contacte amb tu i necessitem assegurar-nos que quan t\u2019escrivim ho fem a l\u2019adre\u00e7a de [&hellip;]","og_url":"https:\/\/o2online.es\/ayuda\/actualitza-la-teva-adreca-electronica-de-contacte\/","og_site_name":"O2 Ayuda","article_published_time":"2022-02-08T10:33:32+00:00","article_modified_time":"2022-09-26T13:53:28+00:00","author":"Laura","twitter_card":"summary_large_image","twitter_misc":{"Escrito por":"Laura","Tiempo de lectura":"1 minuto"},"schema":{"@context":"https:\/\/schema.org","@graph":[{"@type":"WebPage","@id":"https:\/\/o2online.es\/ayuda\/actualitza-la-teva-adreca-electronica-de-contacte\/","url":"https:\/\/o2online.es\/ayuda\/actualitza-la-teva-adreca-electronica-de-contacte\/","name":"Actualitza la teva adre\u00e7a electr\u00f2nica de contacte | O2 Ayuda","isPartOf":{"@id":"https:\/\/o2online.es\/ayuda\/#website"},"datePublished":"2022-02-08T10:33:32+00:00","dateModified":"2022-09-26T13:53:28+00:00","author":{"@id":"https:\/\/o2online.es\/ayuda\/#\/schema\/person\/e4a62f1c553197950f8e2f20c203778b"},"breadcrumb":{"@id":"https:\/\/o2online.es\/ayuda\/actualitza-la-teva-adreca-electronica-de-contacte\/#breadcrumb"},"inLanguage":"es","potentialAction":[{"@type":"ReadAction","target":["https:\/\/o2online.es\/ayuda\/actualitza-la-teva-adreca-electronica-de-contacte\/"]}]},{"@type":"BreadcrumbList","@id":"https:\/\/o2online.es\/ayuda\/actualitza-la-teva-adreca-electronica-de-contacte\/#breadcrumb","itemListElement":[{"@type":"ListItem","position":1,"name":"Portada","item":"https:\/\/o2online.es\/ayuda\/"},{"@type":"ListItem","position":2,"name":"Actualitza la teva adre\u00e7a electr\u00f2nica de contacte"}]},{"@type":"WebSite","@id":"https:\/\/o2online.es\/ayuda\/#website","url":"https:\/\/o2online.es\/ayuda\/","name":"O2 Ayuda","description":"Consulta tus dudas sobre servicios y tarifas","potentialAction":[{"@type":"SearchAction","target":{"@type":"EntryPoint","urlTemplate":"https:\/\/o2online.es\/ayuda\/?s={search_term_string}"},"query-input":"required name=search_term_string"}],"inLanguage":"es"},{"@type":"Person","@id":"https:\/\/o2online.es\/ayuda\/#\/schema\/person\/e4a62f1c553197950f8e2f20c203778b","name":"Laura","image":{"@type":"ImageObject","inLanguage":"es","@id":"https:\/\/o2online.es\/ayuda\/#\/schema\/person\/image\/","url":"https:\/\/secure.gravatar.com\/avatar\/2f7d0c6030947bde946b5aad814ba9c5?s=96&d=mm&r=g","contentUrl":"https:\/\/secure.gravatar.com\/avatar\/2f7d0c6030947bde946b5aad814ba9c5?s=96&d=mm&r=g","caption":"Laura"},"url":"https:\/\/o2online.es\/ayuda\/author\/laura\/"}]}},"jetpack_featured_media_url":"","_links":{"self":[{"href":"https:\/\/o2online.es\/ayuda\/wp-json\/wp\/v2\/posts\/4161"}],"collection":[{"href":"https:\/\/o2online.es\/ayuda\/wp-json\/wp\/v2\/posts"}],"about":[{"href":"https:\/\/o2online.es\/ayuda\/wp-json\/wp\/v2\/types\/post"}],"author":[{"embeddable":true,"href":"https:\/\/o2online.es\/ayuda\/wp-json\/wp\/v2\/users\/22"}],"replies":[{"embeddable":true,"href":"https:\/\/o2online.es\/ayuda\/wp-json\/wp\/v2\/comments?post=4161"}],"version-history":[{"count":0,"href":"https:\/\/o2online.es\/ayuda\/wp-json\/wp\/v2\/posts\/4161\/revisions"}],"wp:attachment":[{"href":"https:\/\/o2online.es\/ayuda\/wp-json\/wp\/v2\/media?parent=4161"}],"wp:term":[{"taxonomy":"category","embeddable":true,"href":"https:\/\/o2online.es\/ayuda\/wp-json\/wp\/v2\/categories?post=4161"},{"taxonomy":"post_tag","embeddable":true,"href":"https:\/\/o2online.es\/ayuda\/wp-json\/wp\/v2\/tags?post=4161"}],"curies":[{"name":"wp","href":"https:\/\/api.w.org\/{rel}","templated":true}]}}