{"id":4278,"date":"2021-04-14T11:54:06","date_gmt":"2021-04-14T09:54:06","guid":{"rendered":"https:\/\/precms.o2online.es\/ayuda\/?p=4278"},"modified":"2024-08-02T13:53:53","modified_gmt":"2024-08-02T11:53:53","slug":"no-et-quedis-sense-connexio","status":"publish","type":"post","link":"https:\/\/o2online.es\/ayuda\/no-et-quedis-sense-connexio\/","title":{"rendered":"No et quedis sense connexi\u00f3"},"content":{"rendered":"<h3>Dades il\u00b7limitades mentre duri l\u2019avaria<\/h3>\n<p>A O2 sabem com d\u2019important que \u00e9s per als nostres clients estar connectats. Per aix\u00f2, posem tots els nostres esfor\u00e7os a garantir una bona connectivitat tant a casa, connectat al router a trav\u00e9s de wifi o cable, com al carrer, amb les teves dades m\u00f2bils.<\/p>\n<p>No obstant aix\u00f2, \u00e9s possible que, a causa d\u2019una avaria en el circuit de fibra, hagis perdut la connexi\u00f3 a internet a casa.<\/p>\n<p>Si aix\u00f2 passa, mentre els nostres t\u00e8cnics resolen l\u2019avaria, et volem continuar garantint que puguis fer \u00fas d\u2019internet a casa sense tenir en compte els megues que consumeixis. Per aquest motiu, posem a la teva disposici\u00f3 un<strong> bo de dades il\u00b7limitades<\/strong> a totes les l\u00ednies m\u00f2bils associades al teu paquet de fibra i m\u00f2bil.<\/p>\n<p><strong>Aquest bo no t\u00e9 cap cost per a tu i no has de fer res per activar-lo<\/strong>, estar\u00e0 actiu des del moment en qu\u00e8 rebis l\u2019SMS informant-te de la seva activaci\u00f3, i es desactivar\u00e0 quan l&#8217;avaria estigui resolta. T\u2019informarem novament amb un SMS quan el bo s\u2019hagi desactivat.<\/p>\n<p>En el cas que hagis de fer \u00fas d\u2019un ordinador, port\u00e0til, tablet, etc., mentre es resol l\u2019avaria, podr\u00e0s <strong>compartir dades des del teu m\u00f2bil<\/strong> amb qualsevol d\u2019aquests dispositius. T\u2019indiquem com pots compartir dades en aquest <a href=\"https:\/\/o2online.es\/ayuda\/compartir-internet\/\">enlla\u00e7<\/a>.<\/p>\n<h3>Dades il\u00b7limitades mentre duri la instal\u00b7laci\u00f3 de la teva fibra<\/h3>\n<p>Sabem que la demanda i disponibilitat d\u2019instal\u00b7ladors a la teva zona o els treballs addicionals del nostre equip t\u00e8cnic poden endarrerir els nostres temps d\u2019instal\u00b7laci\u00f3. Si aquest fos el teu cas, i de la mateixa manera que actuem davant d\u2019una incid\u00e8ncia t\u00e8cnica, activarem un bo de dades gratu\u00eft en les l\u00ednies m\u00f2bils associades al teu paquet de fibra i m\u00f2bil perqu\u00e8 mentrestant puguis tenir Internet.<\/p>\n<div class='watch-action'><div class='watch-position align-left'><div class='action-like'><a class='lbg-style1 like-4278 jlk' href='javascript:void(0)' data-task='like' data-post_id='4278' data-nonce='b07e4fde8f' rel='nofollow'><img class='wti-pixel' src='https:\/\/o2online.es\/ayuda\/wp-content\/plugins\/wti-like-post\/images\/pixel.gif' title='Like' \/><span class='lc-4278 lc'>+4<\/span><\/a><\/div><div class='action-unlike'><a class='unlbg-style1 unlike-4278 jlk' href='javascript:void(0)' data-task='unlike' data-post_id='4278' data-nonce='b07e4fde8f' rel='nofollow'><img class='wti-pixel' src='https:\/\/o2online.es\/ayuda\/wp-content\/plugins\/wti-like-post\/images\/pixel.gif' title='Unlike' \/><span class='unlc-4278 unlc'>-2<\/span><\/a><\/div> <\/div> <div class='status-4278 status align-left'><\/div><\/div><div class='wti-clear'><\/div>","protected":false},"excerpt":{"rendered":"<p>Dades il\u00b7limitades mentre duri l\u2019avaria A O2 sabem com d\u2019important que \u00e9s per als nostres clients estar connectats. Per aix\u00f2, posem tots els nostres esfor\u00e7os a garantir una bona connectivitat tant a casa, connectat al router a trav\u00e9s de wifi o cable, com al carrer, amb les teves dades m\u00f2bils. No obstant aix\u00f2, \u00e9s possible [&hellip;]<\/p>\n","protected":false},"author":22,"featured_media":0,"comment_status":"closed","ping_status":"closed","sticky":false,"template":"","format":"standard","meta":{"footnotes":""},"categories":[2689],"tags":[],"yoast_head":"<!-- This site is optimized with the Yoast SEO plugin v23.0 - https:\/\/yoast.com\/wordpress\/plugins\/seo\/ -->\n<title>No et quedis sense connexi\u00f3 | O2 Ayuda<\/title>\n<meta name=\"robots\" content=\"index, follow, max-snippet:-1, max-image-preview:large, max-video-preview:-1\" \/>\n<link rel=\"canonical\" href=\"https:\/\/o2online.es\/ayuda\/no-et-quedis-sense-connexio\/\" \/>\n<meta property=\"og:locale\" content=\"es_ES\" \/>\n<meta property=\"og:type\" content=\"article\" \/>\n<meta property=\"og:title\" content=\"No et quedis sense connexi\u00f3 | O2 Ayuda\" \/>\n<meta property=\"og:description\" content=\"Dades il\u00b7limitades mentre duri l\u2019avaria A O2 sabem com d\u2019important que \u00e9s per als nostres clients estar connectats. Per aix\u00f2, posem tots els nostres esfor\u00e7os a garantir una bona connectivitat tant a casa, connectat al router a trav\u00e9s de wifi o cable, com al carrer, amb les teves dades m\u00f2bils. No obstant aix\u00f2, \u00e9s possible [&hellip;]\" \/>\n<meta property=\"og:url\" content=\"https:\/\/o2online.es\/ayuda\/no-et-quedis-sense-connexio\/\" \/>\n<meta property=\"og:site_name\" content=\"O2 Ayuda\" \/>\n<meta property=\"article:published_time\" content=\"2021-04-14T09:54:06+00:00\" \/>\n<meta property=\"article:modified_time\" content=\"2024-08-02T11:53:53+00:00\" \/>\n<meta name=\"author\" content=\"Laura\" \/>\n<meta name=\"twitter:card\" content=\"summary_large_image\" \/>\n<meta name=\"twitter:label1\" content=\"Escrito por\" \/>\n\t<meta name=\"twitter:data1\" content=\"Laura\" \/>\n\t<meta name=\"twitter:label2\" content=\"Tiempo de lectura\" \/>\n\t<meta name=\"twitter:data2\" content=\"2 minutos\" \/>\n<script type=\"application\/ld+json\" class=\"yoast-schema-graph\">{\"@context\":\"https:\/\/schema.org\",\"@graph\":[{\"@type\":\"WebPage\",\"@id\":\"https:\/\/o2online.es\/ayuda\/no-et-quedis-sense-connexio\/\",\"url\":\"https:\/\/o2online.es\/ayuda\/no-et-quedis-sense-connexio\/\",\"name\":\"No et quedis sense connexi\u00f3 | O2 Ayuda\",\"isPartOf\":{\"@id\":\"https:\/\/o2online.es\/ayuda\/#website\"},\"datePublished\":\"2021-04-14T09:54:06+00:00\",\"dateModified\":\"2024-08-02T11:53:53+00:00\",\"author\":{\"@id\":\"https:\/\/o2online.es\/ayuda\/#\/schema\/person\/e4a62f1c553197950f8e2f20c203778b\"},\"breadcrumb\":{\"@id\":\"https:\/\/o2online.es\/ayuda\/no-et-quedis-sense-connexio\/#breadcrumb\"},\"inLanguage\":\"es\",\"potentialAction\":[{\"@type\":\"ReadAction\",\"target\":[\"https:\/\/o2online.es\/ayuda\/no-et-quedis-sense-connexio\/\"]}]},{\"@type\":\"BreadcrumbList\",\"@id\":\"https:\/\/o2online.es\/ayuda\/no-et-quedis-sense-connexio\/#breadcrumb\",\"itemListElement\":[{\"@type\":\"ListItem\",\"position\":1,\"name\":\"Portada\",\"item\":\"https:\/\/o2online.es\/ayuda\/\"},{\"@type\":\"ListItem\",\"position\":2,\"name\":\"No et quedis sense connexi\u00f3\"}]},{\"@type\":\"WebSite\",\"@id\":\"https:\/\/o2online.es\/ayuda\/#website\",\"url\":\"https:\/\/o2online.es\/ayuda\/\",\"name\":\"O2 Ayuda\",\"description\":\"Consulta tus dudas sobre servicios y tarifas\",\"potentialAction\":[{\"@type\":\"SearchAction\",\"target\":{\"@type\":\"EntryPoint\",\"urlTemplate\":\"https:\/\/o2online.es\/ayuda\/?s={search_term_string}\"},\"query-input\":\"required name=search_term_string\"}],\"inLanguage\":\"es\"},{\"@type\":\"Person\",\"@id\":\"https:\/\/o2online.es\/ayuda\/#\/schema\/person\/e4a62f1c553197950f8e2f20c203778b\",\"name\":\"Laura\",\"image\":{\"@type\":\"ImageObject\",\"inLanguage\":\"es\",\"@id\":\"https:\/\/o2online.es\/ayuda\/#\/schema\/person\/image\/\",\"url\":\"https:\/\/secure.gravatar.com\/avatar\/2f7d0c6030947bde946b5aad814ba9c5?s=96&d=mm&r=g\",\"contentUrl\":\"https:\/\/secure.gravatar.com\/avatar\/2f7d0c6030947bde946b5aad814ba9c5?s=96&d=mm&r=g\",\"caption\":\"Laura\"},\"url\":\"https:\/\/o2online.es\/ayuda\/author\/laura\/\"}]}<\/script>\n<!-- \/ Yoast SEO plugin. -->","yoast_head_json":{"title":"No et quedis sense connexi\u00f3 | O2 Ayuda","robots":{"index":"index","follow":"follow","max-snippet":"max-snippet:-1","max-image-preview":"max-image-preview:large","max-video-preview":"max-video-preview:-1"},"canonical":"https:\/\/o2online.es\/ayuda\/no-et-quedis-sense-connexio\/","og_locale":"es_ES","og_type":"article","og_title":"No et quedis sense connexi\u00f3 | O2 Ayuda","og_description":"Dades il\u00b7limitades mentre duri l\u2019avaria A O2 sabem com d\u2019important que \u00e9s per als nostres clients estar connectats. Per aix\u00f2, posem tots els nostres esfor\u00e7os a garantir una bona connectivitat tant a casa, connectat al router a trav\u00e9s de wifi o cable, com al carrer, amb les teves dades m\u00f2bils. No obstant aix\u00f2, \u00e9s possible [&hellip;]","og_url":"https:\/\/o2online.es\/ayuda\/no-et-quedis-sense-connexio\/","og_site_name":"O2 Ayuda","article_published_time":"2021-04-14T09:54:06+00:00","article_modified_time":"2024-08-02T11:53:53+00:00","author":"Laura","twitter_card":"summary_large_image","twitter_misc":{"Escrito por":"Laura","Tiempo de lectura":"2 minutos"},"schema":{"@context":"https:\/\/schema.org","@graph":[{"@type":"WebPage","@id":"https:\/\/o2online.es\/ayuda\/no-et-quedis-sense-connexio\/","url":"https:\/\/o2online.es\/ayuda\/no-et-quedis-sense-connexio\/","name":"No et quedis sense connexi\u00f3 | O2 Ayuda","isPartOf":{"@id":"https:\/\/o2online.es\/ayuda\/#website"},"datePublished":"2021-04-14T09:54:06+00:00","dateModified":"2024-08-02T11:53:53+00:00","author":{"@id":"https:\/\/o2online.es\/ayuda\/#\/schema\/person\/e4a62f1c553197950f8e2f20c203778b"},"breadcrumb":{"@id":"https:\/\/o2online.es\/ayuda\/no-et-quedis-sense-connexio\/#breadcrumb"},"inLanguage":"es","potentialAction":[{"@type":"ReadAction","target":["https:\/\/o2online.es\/ayuda\/no-et-quedis-sense-connexio\/"]}]},{"@type":"BreadcrumbList","@id":"https:\/\/o2online.es\/ayuda\/no-et-quedis-sense-connexio\/#breadcrumb","itemListElement":[{"@type":"ListItem","position":1,"name":"Portada","item":"https:\/\/o2online.es\/ayuda\/"},{"@type":"ListItem","position":2,"name":"No et quedis sense connexi\u00f3"}]},{"@type":"WebSite","@id":"https:\/\/o2online.es\/ayuda\/#website","url":"https:\/\/o2online.es\/ayuda\/","name":"O2 Ayuda","description":"Consulta tus dudas sobre servicios y tarifas","potentialAction":[{"@type":"SearchAction","target":{"@type":"EntryPoint","urlTemplate":"https:\/\/o2online.es\/ayuda\/?s={search_term_string}"},"query-input":"required name=search_term_string"}],"inLanguage":"es"},{"@type":"Person","@id":"https:\/\/o2online.es\/ayuda\/#\/schema\/person\/e4a62f1c553197950f8e2f20c203778b","name":"Laura","image":{"@type":"ImageObject","inLanguage":"es","@id":"https:\/\/o2online.es\/ayuda\/#\/schema\/person\/image\/","url":"https:\/\/secure.gravatar.com\/avatar\/2f7d0c6030947bde946b5aad814ba9c5?s=96&d=mm&r=g","contentUrl":"https:\/\/secure.gravatar.com\/avatar\/2f7d0c6030947bde946b5aad814ba9c5?s=96&d=mm&r=g","caption":"Laura"},"url":"https:\/\/o2online.es\/ayuda\/author\/laura\/"}]}},"jetpack_featured_media_url":"","_links":{"self":[{"href":"https:\/\/o2online.es\/ayuda\/wp-json\/wp\/v2\/posts\/4278"}],"collection":[{"href":"https:\/\/o2online.es\/ayuda\/wp-json\/wp\/v2\/posts"}],"about":[{"href":"https:\/\/o2online.es\/ayuda\/wp-json\/wp\/v2\/types\/post"}],"author":[{"embeddable":true,"href":"https:\/\/o2online.es\/ayuda\/wp-json\/wp\/v2\/users\/22"}],"replies":[{"embeddable":true,"href":"https:\/\/o2online.es\/ayuda\/wp-json\/wp\/v2\/comments?post=4278"}],"version-history":[{"count":1,"href":"https:\/\/o2online.es\/ayuda\/wp-json\/wp\/v2\/posts\/4278\/revisions"}],"predecessor-version":[{"id":7344,"href":"https:\/\/o2online.es\/ayuda\/wp-json\/wp\/v2\/posts\/4278\/revisions\/7344"}],"wp:attachment":[{"href":"https:\/\/o2online.es\/ayuda\/wp-json\/wp\/v2\/media?parent=4278"}],"wp:term":[{"taxonomy":"category","embeddable":true,"href":"https:\/\/o2online.es\/ayuda\/wp-json\/wp\/v2\/categories?post=4278"},{"taxonomy":"post_tag","embeddable":true,"href":"https:\/\/o2online.es\/ayuda\/wp-json\/wp\/v2\/tags?post=4278"}],"curies":[{"name":"wp","href":"https:\/\/api.w.org\/{rel}","templated":true}]}}