{"id":4312,"date":"2020-01-23T17:55:39","date_gmt":"2020-01-23T16:55:39","guid":{"rendered":"https:\/\/precms.o2online.es\/ayuda\/?p=4312"},"modified":"2022-09-26T16:20:27","modified_gmt":"2022-09-26T14:20:27","slug":"com-sera-la-meva-ultima-factura-pagare-el-mes-sencer","status":"publish","type":"post","link":"https:\/\/o2online.es\/ayuda\/com-sera-la-meva-ultima-factura-pagare-el-mes-sencer\/","title":{"rendered":"Com ser\u00e0 la meva \u00faltima factura? Pagar\u00e9 el mes sencer?"},"content":{"rendered":"<ul>\n<li>A la teva <strong>\u00faltima<\/strong> factura d\u2019O2, farem un <strong>prorrateig <\/strong>de la teva tarifa contractada en funci\u00f3 dels dies que hagis <strong>gaudit<\/strong> del servei.<\/li>\n<li>La teva facturaci\u00f3 inclour\u00e0 des del <strong>dia 18<\/strong> del mes fins al <strong>dia<\/strong> en qu\u00e8 h\u00e0gim tramitat la teva <strong>baixa.<\/strong><\/li>\n<li>Et recordem que pots <strong>visualitzar<\/strong> i <strong>descarregar-te<\/strong> totes les teves <strong>factures<\/strong> a trav\u00e9s de l\u2019<strong>app Mi O2.\u00a0<\/strong><\/li>\n<\/ul>\n<p>&nbsp;<\/p>\n<div class='watch-action'><div class='watch-position align-left'><div class='action-like'><a class='lbg-style1 like-4312 jlk' href='javascript:void(0)' data-task='like' data-post_id='4312' data-nonce='f4576bfbcd' rel='nofollow'><img class='wti-pixel' src='https:\/\/o2online.es\/ayuda\/wp-content\/plugins\/wti-like-post\/images\/pixel.gif' title='Like' \/><span class='lc-4312 lc'>0<\/span><\/a><\/div><div class='action-unlike'><a class='unlbg-style1 unlike-4312 jlk' href='javascript:void(0)' data-task='unlike' data-post_id='4312' data-nonce='f4576bfbcd' rel='nofollow'><img class='wti-pixel' src='https:\/\/o2online.es\/ayuda\/wp-content\/plugins\/wti-like-post\/images\/pixel.gif' title='Unlike' \/><span class='unlc-4312 unlc'>-1<\/span><\/a><\/div> <\/div> <div class='status-4312 status align-left'><\/div><\/div><div class='wti-clear'><\/div>","protected":false},"excerpt":{"rendered":"<p>A la teva \u00faltima factura d\u2019O2, farem un prorrateig de la teva tarifa contractada en funci\u00f3 dels dies que hagis gaudit del servei. La teva facturaci\u00f3 inclour\u00e0 des del dia 18 del mes fins al dia en qu\u00e8 h\u00e0gim tramitat la teva baixa. Et recordem que pots visualitzar i descarregar-te totes les teves factures a [&hellip;]<\/p>\n","protected":false},"author":22,"featured_media":0,"comment_status":"closed","ping_status":"closed","sticky":false,"template":"","format":"standard","meta":{"footnotes":""},"categories":[876],"tags":[],"yoast_head":"<!-- This site is optimized with the Yoast SEO plugin v23.0 - https:\/\/yoast.com\/wordpress\/plugins\/seo\/ -->\n<title>Com ser\u00e0 la meva \u00faltima factura? Pagar\u00e9 el mes sencer? | O2 Ayuda<\/title>\n<meta name=\"robots\" content=\"index, follow, max-snippet:-1, max-image-preview:large, max-video-preview:-1\" \/>\n<link rel=\"canonical\" href=\"https:\/\/o2online.es\/ayuda\/com-sera-la-meva-ultima-factura-pagare-el-mes-sencer\/\" \/>\n<meta property=\"og:locale\" content=\"es_ES\" \/>\n<meta property=\"og:type\" content=\"article\" \/>\n<meta property=\"og:title\" content=\"Com ser\u00e0 la meva \u00faltima factura? Pagar\u00e9 el mes sencer? | O2 Ayuda\" \/>\n<meta property=\"og:description\" content=\"A la teva \u00faltima factura d\u2019O2, farem un prorrateig de la teva tarifa contractada en funci\u00f3 dels dies que hagis gaudit del servei. La teva facturaci\u00f3 inclour\u00e0 des del dia 18 del mes fins al dia en qu\u00e8 h\u00e0gim tramitat la teva baixa. Et recordem que pots visualitzar i descarregar-te totes les teves factures a [&hellip;]\" \/>\n<meta property=\"og:url\" content=\"https:\/\/o2online.es\/ayuda\/com-sera-la-meva-ultima-factura-pagare-el-mes-sencer\/\" \/>\n<meta property=\"og:site_name\" content=\"O2 Ayuda\" \/>\n<meta property=\"article:published_time\" content=\"2020-01-23T16:55:39+00:00\" \/>\n<meta property=\"article:modified_time\" content=\"2022-09-26T14:20:27+00:00\" \/>\n<meta name=\"author\" content=\"Laura\" \/>\n<meta name=\"twitter:card\" content=\"summary_large_image\" \/>\n<meta name=\"twitter:label1\" content=\"Escrito por\" \/>\n\t<meta name=\"twitter:data1\" content=\"Laura\" \/>\n<script type=\"application\/ld+json\" class=\"yoast-schema-graph\">{\"@context\":\"https:\/\/schema.org\",\"@graph\":[{\"@type\":\"WebPage\",\"@id\":\"https:\/\/o2online.es\/ayuda\/com-sera-la-meva-ultima-factura-pagare-el-mes-sencer\/\",\"url\":\"https:\/\/o2online.es\/ayuda\/com-sera-la-meva-ultima-factura-pagare-el-mes-sencer\/\",\"name\":\"Com ser\u00e0 la meva \u00faltima factura? Pagar\u00e9 el mes sencer? | O2 Ayuda\",\"isPartOf\":{\"@id\":\"https:\/\/o2online.es\/ayuda\/#website\"},\"datePublished\":\"2020-01-23T16:55:39+00:00\",\"dateModified\":\"2022-09-26T14:20:27+00:00\",\"author\":{\"@id\":\"https:\/\/o2online.es\/ayuda\/#\/schema\/person\/e4a62f1c553197950f8e2f20c203778b\"},\"breadcrumb\":{\"@id\":\"https:\/\/o2online.es\/ayuda\/com-sera-la-meva-ultima-factura-pagare-el-mes-sencer\/#breadcrumb\"},\"inLanguage\":\"es\",\"potentialAction\":[{\"@type\":\"ReadAction\",\"target\":[\"https:\/\/o2online.es\/ayuda\/com-sera-la-meva-ultima-factura-pagare-el-mes-sencer\/\"]}]},{\"@type\":\"BreadcrumbList\",\"@id\":\"https:\/\/o2online.es\/ayuda\/com-sera-la-meva-ultima-factura-pagare-el-mes-sencer\/#breadcrumb\",\"itemListElement\":[{\"@type\":\"ListItem\",\"position\":1,\"name\":\"Portada\",\"item\":\"https:\/\/o2online.es\/ayuda\/\"},{\"@type\":\"ListItem\",\"position\":2,\"name\":\"Com ser\u00e0 la meva \u00faltima factura? Pagar\u00e9 el mes sencer?\"}]},{\"@type\":\"WebSite\",\"@id\":\"https:\/\/o2online.es\/ayuda\/#website\",\"url\":\"https:\/\/o2online.es\/ayuda\/\",\"name\":\"O2 Ayuda\",\"description\":\"Consulta tus dudas sobre servicios y tarifas\",\"potentialAction\":[{\"@type\":\"SearchAction\",\"target\":{\"@type\":\"EntryPoint\",\"urlTemplate\":\"https:\/\/o2online.es\/ayuda\/?s={search_term_string}\"},\"query-input\":\"required name=search_term_string\"}],\"inLanguage\":\"es\"},{\"@type\":\"Person\",\"@id\":\"https:\/\/o2online.es\/ayuda\/#\/schema\/person\/e4a62f1c553197950f8e2f20c203778b\",\"name\":\"Laura\",\"image\":{\"@type\":\"ImageObject\",\"inLanguage\":\"es\",\"@id\":\"https:\/\/o2online.es\/ayuda\/#\/schema\/person\/image\/\",\"url\":\"https:\/\/secure.gravatar.com\/avatar\/2f7d0c6030947bde946b5aad814ba9c5?s=96&d=mm&r=g\",\"contentUrl\":\"https:\/\/secure.gravatar.com\/avatar\/2f7d0c6030947bde946b5aad814ba9c5?s=96&d=mm&r=g\",\"caption\":\"Laura\"},\"url\":\"https:\/\/o2online.es\/ayuda\/author\/laura\/\"}]}<\/script>\n<!-- \/ Yoast SEO plugin. -->","yoast_head_json":{"title":"Com ser\u00e0 la meva \u00faltima factura? Pagar\u00e9 el mes sencer? | O2 Ayuda","robots":{"index":"index","follow":"follow","max-snippet":"max-snippet:-1","max-image-preview":"max-image-preview:large","max-video-preview":"max-video-preview:-1"},"canonical":"https:\/\/o2online.es\/ayuda\/com-sera-la-meva-ultima-factura-pagare-el-mes-sencer\/","og_locale":"es_ES","og_type":"article","og_title":"Com ser\u00e0 la meva \u00faltima factura? Pagar\u00e9 el mes sencer? | O2 Ayuda","og_description":"A la teva \u00faltima factura d\u2019O2, farem un prorrateig de la teva tarifa contractada en funci\u00f3 dels dies que hagis gaudit del servei. La teva facturaci\u00f3 inclour\u00e0 des del dia 18 del mes fins al dia en qu\u00e8 h\u00e0gim tramitat la teva baixa. Et recordem que pots visualitzar i descarregar-te totes les teves factures a [&hellip;]","og_url":"https:\/\/o2online.es\/ayuda\/com-sera-la-meva-ultima-factura-pagare-el-mes-sencer\/","og_site_name":"O2 Ayuda","article_published_time":"2020-01-23T16:55:39+00:00","article_modified_time":"2022-09-26T14:20:27+00:00","author":"Laura","twitter_card":"summary_large_image","twitter_misc":{"Escrito por":"Laura"},"schema":{"@context":"https:\/\/schema.org","@graph":[{"@type":"WebPage","@id":"https:\/\/o2online.es\/ayuda\/com-sera-la-meva-ultima-factura-pagare-el-mes-sencer\/","url":"https:\/\/o2online.es\/ayuda\/com-sera-la-meva-ultima-factura-pagare-el-mes-sencer\/","name":"Com ser\u00e0 la meva \u00faltima factura? Pagar\u00e9 el mes sencer? | O2 Ayuda","isPartOf":{"@id":"https:\/\/o2online.es\/ayuda\/#website"},"datePublished":"2020-01-23T16:55:39+00:00","dateModified":"2022-09-26T14:20:27+00:00","author":{"@id":"https:\/\/o2online.es\/ayuda\/#\/schema\/person\/e4a62f1c553197950f8e2f20c203778b"},"breadcrumb":{"@id":"https:\/\/o2online.es\/ayuda\/com-sera-la-meva-ultima-factura-pagare-el-mes-sencer\/#breadcrumb"},"inLanguage":"es","potentialAction":[{"@type":"ReadAction","target":["https:\/\/o2online.es\/ayuda\/com-sera-la-meva-ultima-factura-pagare-el-mes-sencer\/"]}]},{"@type":"BreadcrumbList","@id":"https:\/\/o2online.es\/ayuda\/com-sera-la-meva-ultima-factura-pagare-el-mes-sencer\/#breadcrumb","itemListElement":[{"@type":"ListItem","position":1,"name":"Portada","item":"https:\/\/o2online.es\/ayuda\/"},{"@type":"ListItem","position":2,"name":"Com ser\u00e0 la meva \u00faltima factura? Pagar\u00e9 el mes sencer?"}]},{"@type":"WebSite","@id":"https:\/\/o2online.es\/ayuda\/#website","url":"https:\/\/o2online.es\/ayuda\/","name":"O2 Ayuda","description":"Consulta tus dudas sobre servicios y tarifas","potentialAction":[{"@type":"SearchAction","target":{"@type":"EntryPoint","urlTemplate":"https:\/\/o2online.es\/ayuda\/?s={search_term_string}"},"query-input":"required name=search_term_string"}],"inLanguage":"es"},{"@type":"Person","@id":"https:\/\/o2online.es\/ayuda\/#\/schema\/person\/e4a62f1c553197950f8e2f20c203778b","name":"Laura","image":{"@type":"ImageObject","inLanguage":"es","@id":"https:\/\/o2online.es\/ayuda\/#\/schema\/person\/image\/","url":"https:\/\/secure.gravatar.com\/avatar\/2f7d0c6030947bde946b5aad814ba9c5?s=96&d=mm&r=g","contentUrl":"https:\/\/secure.gravatar.com\/avatar\/2f7d0c6030947bde946b5aad814ba9c5?s=96&d=mm&r=g","caption":"Laura"},"url":"https:\/\/o2online.es\/ayuda\/author\/laura\/"}]}},"jetpack_featured_media_url":"","_links":{"self":[{"href":"https:\/\/o2online.es\/ayuda\/wp-json\/wp\/v2\/posts\/4312"}],"collection":[{"href":"https:\/\/o2online.es\/ayuda\/wp-json\/wp\/v2\/posts"}],"about":[{"href":"https:\/\/o2online.es\/ayuda\/wp-json\/wp\/v2\/types\/post"}],"author":[{"embeddable":true,"href":"https:\/\/o2online.es\/ayuda\/wp-json\/wp\/v2\/users\/22"}],"replies":[{"embeddable":true,"href":"https:\/\/o2online.es\/ayuda\/wp-json\/wp\/v2\/comments?post=4312"}],"version-history":[{"count":0,"href":"https:\/\/o2online.es\/ayuda\/wp-json\/wp\/v2\/posts\/4312\/revisions"}],"wp:attachment":[{"href":"https:\/\/o2online.es\/ayuda\/wp-json\/wp\/v2\/media?parent=4312"}],"wp:term":[{"taxonomy":"category","embeddable":true,"href":"https:\/\/o2online.es\/ayuda\/wp-json\/wp\/v2\/categories?post=4312"},{"taxonomy":"post_tag","embeddable":true,"href":"https:\/\/o2online.es\/ayuda\/wp-json\/wp\/v2\/tags?post=4312"}],"curies":[{"name":"wp","href":"https:\/\/api.w.org\/{rel}","templated":true}]}}