{"id":5127,"date":"2022-11-03T16:52:45","date_gmt":"2022-11-03T15:52:45","guid":{"rendered":"https:\/\/precms.o2online.es\/ayuda\/?p=5127"},"modified":"2026-03-02T15:56:17","modified_gmt":"2026-03-02T14:56:17","slug":"como-sera-la-factura-de-mi-dispositivo-movil","status":"publish","type":"post","link":"https:\/\/o2online.es\/ayuda\/como-sera-la-factura-de-mi-dispositivo-movil\/","title":{"rendered":"\u00bfC\u00f3mo ser\u00e1 la factura de mi dispositivo de alquiler?"},"content":{"rendered":"<p>El importe del contrato de alquiler por<strong> el dispositivo que hayas adquirido se cargar\u00e1 en la misma factura de tu tarifa convergente.<\/strong><\/p>\n<p><strong>Si decides darte de baja del servicio de fibra y m\u00f3vil 5G o realizar la portabilidad a otra compa\u00f1\u00eda<\/strong>, manteniendo el contrato de alquiler del dispositivo, en tus siguientes facturas solo ver\u00e1s la<strong> cuota correspondiente al contrato<\/strong>, que seguir\u00e1 siendo exactamente la misma que ten\u00edas antes.<\/p>\n<p>Tanto el cargo de la cuota de la tarifa convergente como la del alquiler del dispositivo ir\u00e1n siempre a la misma cuenta bancaria que indicaste en el momento del registro de tu tarifa de fibra y m\u00f3vil.<\/p>\n<p><strong>La primera cuota del terminal se aplicar\u00e1 en la primera factura completa desde que recibas el dispositivo<\/strong>. Es decir, si te entregamos el dispositivo el d\u00eda 20 de noviembre, hasta la factura del 1 de diciembre (la que corresponde al ciclo del 18 de noviembre al 17 de diciembre) no se aplicar\u00e1 la primera cuota.<\/p>\n<p>Si solicitas baja del dispositivo por compra o devoluci\u00f3n, el importe pendiente se cargar\u00e1 en la siguiente factura desde que se gestione la baja.<\/p>\n<p><strong>El cambio de tarifa convergente, si tienes un dispositivos a cuotas de 24, 36 o 48 meses sin beneficio, no implica cambios en el importe ni en la duraci\u00f3n del contrato<\/strong> de alquiler. Si pasas a una tarifa solo m\u00f3vil o solo fibra, se empezar\u00e1 a emitir una factura del dispositivo independiente con la misma cuota que estabas pagando.<\/p>\n<p>En cambio, si tu terminal es a <strong>0\u20ac o con un precio menor por estar en una tarifa de 50 o 56\u20ac<\/strong> y te cambias a otra tarifa, pierdes ese beneficio y se te recalcular\u00eda la cuota, tal y como indicamos en las condiciones del servicio.<\/p>\n<p>&nbsp;<\/p>\n<div class='watch-action'><div class='watch-position align-left'><div class='action-like'><a class='lbg-style1 like-5127 jlk' href='javascript:void(0)' data-task='like' data-post_id='5127' data-nonce='ae9c9c8b2f' rel='nofollow'><img class='wti-pixel' src='https:\/\/o2online.es\/ayuda\/wp-content\/plugins\/wti-like-post\/images\/pixel.gif' title='Like' \/><span class='lc-5127 lc'>+49<\/span><\/a><\/div><div class='action-unlike'><a class='unlbg-style1 unlike-5127 jlk' href='javascript:void(0)' data-task='unlike' data-post_id='5127' data-nonce='ae9c9c8b2f' rel='nofollow'><img class='wti-pixel' src='https:\/\/o2online.es\/ayuda\/wp-content\/plugins\/wti-like-post\/images\/pixel.gif' title='Unlike' \/><span class='unlc-5127 unlc'>-52<\/span><\/a><\/div> <\/div> <div class='status-5127 status align-left'><\/div><\/div><div class='wti-clear'><\/div>","protected":false},"excerpt":{"rendered":"<p>El importe del contrato de alquiler por el dispositivo que hayas adquirido se cargar\u00e1 en la misma factura de tu tarifa convergente. Si decides darte de baja del servicio de fibra y m\u00f3vil 5G o realizar la portabilidad a otra compa\u00f1\u00eda, manteniendo el contrato de alquiler del dispositivo, en tus siguientes facturas solo ver\u00e1s la [&hellip;]<\/p>\n","protected":false},"author":21,"featured_media":0,"comment_status":"closed","ping_status":"closed","sticky":false,"template":"","format":"standard","meta":{"footnotes":""},"categories":[43780],"tags":[68,43800,32189,43802,43784,43794,43798,43796],"yoast_head":"<!-- This site is optimized with the Yoast SEO plugin v23.0 - https:\/\/yoast.com\/wordpress\/plugins\/seo\/ -->\n<title>\u00bfC\u00f3mo ser\u00e1 la factura de mi dispositivo? | O2 Ayuda<\/title>\n<meta name=\"description\" content=\"El importe del contrato por el dispositivo que hayas adquirido se cargar\u00e1 en la misma factura de tu tarifa convergente.\" \/>\n<meta name=\"robots\" content=\"index, follow, max-snippet:-1, max-image-preview:large, max-video-preview:-1\" \/>\n<link rel=\"canonical\" href=\"https:\/\/o2online.es\/ayuda\/como-sera-la-factura-de-mi-dispositivo-movil\/\" \/>\n<meta property=\"og:locale\" content=\"es_ES\" \/>\n<meta property=\"og:type\" content=\"article\" \/>\n<meta property=\"og:title\" content=\"\u00bfC\u00f3mo ser\u00e1 la factura de mi dispositivo? | O2 Ayuda\" \/>\n<meta property=\"og:description\" content=\"El importe del contrato por el dispositivo que hayas adquirido se cargar\u00e1 en la misma factura de tu tarifa convergente.\" \/>\n<meta property=\"og:url\" content=\"https:\/\/o2online.es\/ayuda\/como-sera-la-factura-de-mi-dispositivo-movil\/\" \/>\n<meta property=\"og:site_name\" content=\"O2 Ayuda\" \/>\n<meta property=\"article:published_time\" content=\"2022-11-03T15:52:45+00:00\" \/>\n<meta property=\"article:modified_time\" content=\"2026-03-02T14:56:17+00:00\" \/>\n<meta name=\"author\" content=\"Almudena Quesada\" \/>\n<meta name=\"twitter:card\" content=\"summary_large_image\" \/>\n<meta name=\"twitter:label1\" content=\"Escrito por\" \/>\n\t<meta name=\"twitter:data1\" content=\"Almudena Quesada\" \/>\n\t<meta name=\"twitter:label2\" content=\"Tiempo de lectura\" \/>\n\t<meta name=\"twitter:data2\" content=\"2 minutos\" \/>\n<script type=\"application\/ld+json\" class=\"yoast-schema-graph\">{\"@context\":\"https:\/\/schema.org\",\"@graph\":[{\"@type\":\"WebPage\",\"@id\":\"https:\/\/o2online.es\/ayuda\/como-sera-la-factura-de-mi-dispositivo-movil\/\",\"url\":\"https:\/\/o2online.es\/ayuda\/como-sera-la-factura-de-mi-dispositivo-movil\/\",\"name\":\"\u00bfC\u00f3mo ser\u00e1 la factura de mi dispositivo? | O2 Ayuda\",\"isPartOf\":{\"@id\":\"https:\/\/o2online.es\/ayuda\/#website\"},\"datePublished\":\"2022-11-03T15:52:45+00:00\",\"dateModified\":\"2026-03-02T14:56:17+00:00\",\"author\":{\"@id\":\"https:\/\/o2online.es\/ayuda\/#\/schema\/person\/b9b9a0e3742c90cba7df2ea8069b7ece\"},\"description\":\"El importe del contrato por el dispositivo que hayas adquirido se cargar\u00e1 en la misma factura de tu tarifa convergente.\",\"breadcrumb\":{\"@id\":\"https:\/\/o2online.es\/ayuda\/como-sera-la-factura-de-mi-dispositivo-movil\/#breadcrumb\"},\"inLanguage\":\"es\",\"potentialAction\":[{\"@type\":\"ReadAction\",\"target\":[\"https:\/\/o2online.es\/ayuda\/como-sera-la-factura-de-mi-dispositivo-movil\/\"]}]},{\"@type\":\"BreadcrumbList\",\"@id\":\"https:\/\/o2online.es\/ayuda\/como-sera-la-factura-de-mi-dispositivo-movil\/#breadcrumb\",\"itemListElement\":[{\"@type\":\"ListItem\",\"position\":1,\"name\":\"Portada\",\"item\":\"https:\/\/o2online.es\/ayuda\/\"},{\"@type\":\"ListItem\",\"position\":2,\"name\":\"\u00bfC\u00f3mo ser\u00e1 la factura de mi dispositivo de alquiler?\"}]},{\"@type\":\"WebSite\",\"@id\":\"https:\/\/o2online.es\/ayuda\/#website\",\"url\":\"https:\/\/o2online.es\/ayuda\/\",\"name\":\"O2 Ayuda\",\"description\":\"Consulta tus dudas sobre servicios y tarifas\",\"potentialAction\":[{\"@type\":\"SearchAction\",\"target\":{\"@type\":\"EntryPoint\",\"urlTemplate\":\"https:\/\/o2online.es\/ayuda\/?s={search_term_string}\"},\"query-input\":\"required name=search_term_string\"}],\"inLanguage\":\"es\"},{\"@type\":\"Person\",\"@id\":\"https:\/\/o2online.es\/ayuda\/#\/schema\/person\/b9b9a0e3742c90cba7df2ea8069b7ece\",\"name\":\"Almudena Quesada\",\"image\":{\"@type\":\"ImageObject\",\"inLanguage\":\"es\",\"@id\":\"https:\/\/o2online.es\/ayuda\/#\/schema\/person\/image\/\",\"url\":\"https:\/\/secure.gravatar.com\/avatar\/2e305cdd86df0897956d9d69ac16f979?s=96&d=mm&r=g\",\"contentUrl\":\"https:\/\/secure.gravatar.com\/avatar\/2e305cdd86df0897956d9d69ac16f979?s=96&d=mm&r=g\",\"caption\":\"Almudena Quesada\"},\"url\":\"https:\/\/o2online.es\/ayuda\/author\/aquesada\/\"}]}<\/script>\n<!-- \/ Yoast SEO plugin. -->","yoast_head_json":{"title":"\u00bfC\u00f3mo ser\u00e1 la factura de mi dispositivo? | O2 Ayuda","description":"El importe del contrato por el dispositivo que hayas adquirido se cargar\u00e1 en la misma factura de tu tarifa convergente.","robots":{"index":"index","follow":"follow","max-snippet":"max-snippet:-1","max-image-preview":"max-image-preview:large","max-video-preview":"max-video-preview:-1"},"canonical":"https:\/\/o2online.es\/ayuda\/como-sera-la-factura-de-mi-dispositivo-movil\/","og_locale":"es_ES","og_type":"article","og_title":"\u00bfC\u00f3mo ser\u00e1 la factura de mi dispositivo? | O2 Ayuda","og_description":"El importe del contrato por el dispositivo que hayas adquirido se cargar\u00e1 en la misma factura de tu tarifa convergente.","og_url":"https:\/\/o2online.es\/ayuda\/como-sera-la-factura-de-mi-dispositivo-movil\/","og_site_name":"O2 Ayuda","article_published_time":"2022-11-03T15:52:45+00:00","article_modified_time":"2026-03-02T14:56:17+00:00","author":"Almudena Quesada","twitter_card":"summary_large_image","twitter_misc":{"Escrito por":"Almudena Quesada","Tiempo de lectura":"2 minutos"},"schema":{"@context":"https:\/\/schema.org","@graph":[{"@type":"WebPage","@id":"https:\/\/o2online.es\/ayuda\/como-sera-la-factura-de-mi-dispositivo-movil\/","url":"https:\/\/o2online.es\/ayuda\/como-sera-la-factura-de-mi-dispositivo-movil\/","name":"\u00bfC\u00f3mo ser\u00e1 la factura de mi dispositivo? | O2 Ayuda","isPartOf":{"@id":"https:\/\/o2online.es\/ayuda\/#website"},"datePublished":"2022-11-03T15:52:45+00:00","dateModified":"2026-03-02T14:56:17+00:00","author":{"@id":"https:\/\/o2online.es\/ayuda\/#\/schema\/person\/b9b9a0e3742c90cba7df2ea8069b7ece"},"description":"El importe del contrato por el dispositivo que hayas adquirido se cargar\u00e1 en la misma factura de tu tarifa convergente.","breadcrumb":{"@id":"https:\/\/o2online.es\/ayuda\/como-sera-la-factura-de-mi-dispositivo-movil\/#breadcrumb"},"inLanguage":"es","potentialAction":[{"@type":"ReadAction","target":["https:\/\/o2online.es\/ayuda\/como-sera-la-factura-de-mi-dispositivo-movil\/"]}]},{"@type":"BreadcrumbList","@id":"https:\/\/o2online.es\/ayuda\/como-sera-la-factura-de-mi-dispositivo-movil\/#breadcrumb","itemListElement":[{"@type":"ListItem","position":1,"name":"Portada","item":"https:\/\/o2online.es\/ayuda\/"},{"@type":"ListItem","position":2,"name":"\u00bfC\u00f3mo ser\u00e1 la factura de mi dispositivo de alquiler?"}]},{"@type":"WebSite","@id":"https:\/\/o2online.es\/ayuda\/#website","url":"https:\/\/o2online.es\/ayuda\/","name":"O2 Ayuda","description":"Consulta tus dudas sobre servicios y tarifas","potentialAction":[{"@type":"SearchAction","target":{"@type":"EntryPoint","urlTemplate":"https:\/\/o2online.es\/ayuda\/?s={search_term_string}"},"query-input":"required name=search_term_string"}],"inLanguage":"es"},{"@type":"Person","@id":"https:\/\/o2online.es\/ayuda\/#\/schema\/person\/b9b9a0e3742c90cba7df2ea8069b7ece","name":"Almudena Quesada","image":{"@type":"ImageObject","inLanguage":"es","@id":"https:\/\/o2online.es\/ayuda\/#\/schema\/person\/image\/","url":"https:\/\/secure.gravatar.com\/avatar\/2e305cdd86df0897956d9d69ac16f979?s=96&d=mm&r=g","contentUrl":"https:\/\/secure.gravatar.com\/avatar\/2e305cdd86df0897956d9d69ac16f979?s=96&d=mm&r=g","caption":"Almudena Quesada"},"url":"https:\/\/o2online.es\/ayuda\/author\/aquesada\/"}]}},"jetpack_featured_media_url":"","_links":{"self":[{"href":"https:\/\/o2online.es\/ayuda\/wp-json\/wp\/v2\/posts\/5127"}],"collection":[{"href":"https:\/\/o2online.es\/ayuda\/wp-json\/wp\/v2\/posts"}],"about":[{"href":"https:\/\/o2online.es\/ayuda\/wp-json\/wp\/v2\/types\/post"}],"author":[{"embeddable":true,"href":"https:\/\/o2online.es\/ayuda\/wp-json\/wp\/v2\/users\/21"}],"replies":[{"embeddable":true,"href":"https:\/\/o2online.es\/ayuda\/wp-json\/wp\/v2\/comments?post=5127"}],"version-history":[{"count":3,"href":"https:\/\/o2online.es\/ayuda\/wp-json\/wp\/v2\/posts\/5127\/revisions"}],"predecessor-version":[{"id":8261,"href":"https:\/\/o2online.es\/ayuda\/wp-json\/wp\/v2\/posts\/5127\/revisions\/8261"}],"wp:attachment":[{"href":"https:\/\/o2online.es\/ayuda\/wp-json\/wp\/v2\/media?parent=5127"}],"wp:term":[{"taxonomy":"category","embeddable":true,"href":"https:\/\/o2online.es\/ayuda\/wp-json\/wp\/v2\/categories?post=5127"},{"taxonomy":"post_tag","embeddable":true,"href":"https:\/\/o2online.es\/ayuda\/wp-json\/wp\/v2\/tags?post=5127"}],"curies":[{"name":"wp","href":"https:\/\/api.w.org\/{rel}","templated":true}]}}