{"id":6144,"date":"2018-06-19T20:53:17","date_gmt":"2018-06-19T18:53:17","guid":{"rendered":"https:\/\/precms.o2online.es\/ayuda\/?p=6144"},"modified":"2023-12-05T14:32:22","modified_gmt":"2023-12-05T13:32:22","slug":"terminis-i-proces-dinstal%c2%b7lacio-del-servei-de-fibra-do2","status":"publish","type":"post","link":"https:\/\/o2online.es\/ayuda\/terminis-i-proces-dinstal%c2%b7lacio-del-servei-de-fibra-do2\/","title":{"rendered":"Terminis i proc\u00e9s d\u2019instal\u00b7laci\u00f3 del servei de Fibra d\u2019O2"},"content":{"rendered":"<h2 aria-level=\"1\"><span data-contrast=\"none\">Termini d\u2019instal\u00b7laci\u00f3<\/span><span data-ccp-props=\"{\">\u00a0<\/span><\/h2>\n<p><span data-ccp-props=\"{\">\u00a0<\/span><span data-contrast=\"none\">Despr\u00e9s de donar-te d\u2019alta a O2,\u00a0<\/span><b><span data-contrast=\"none\">un t\u00e8cnic de Telef\u00f3nica\u00a0et trucar\u00e0<\/span><\/b><span data-contrast=\"none\">\u00a0al teu n\u00famero de contacte per concertar la cita d\u2019instal\u00b7laci\u00f3 en un termini de tres dies feiners.<\/span><span data-ccp-props=\"{\">\u00a0<\/span><\/p>\n<p><b><span data-contrast=\"none\">Podr\u00e0s modificar el tel\u00e8fon de contacte que vas indicar en el registre; <\/span><\/b><span data-contrast=\"none\">per fer-ho, posa\u2019t en contacte amb nosaltres a trav\u00e9s dels nostres canals d\u2019atenci\u00f3: WhatsApp, correu electr\u00f2nic, xarxes socials o trucant al 1551.<\/span><span data-ccp-props=\"{\">\u00a0<\/span><\/p>\n<p><b><span data-contrast=\"none\">El dia de la instal\u00b7laci\u00f3 necessitar\u00e0s tenir la clau d\u2019acc\u00e9s a la sala de comunicacions si vius en una comunitat de propietaris.<\/span><\/b><span data-contrast=\"none\"> Abans de la visita, et recomanem que et posis en contacte amb el president o administrador perqu\u00e8 puguem accedir-hi i fer la feina.<\/span><span data-ccp-props=\"{\">\u00a0<\/span><\/p>\n<p><span data-contrast=\"none\">Tingues en compte que la instal\u00b7laci\u00f3 t\u00e9 una durada aproximada de 2 hores. <\/span><\/p>\n<p><span data-contrast=\"none\">Nosaltres ens encarregarem de tot i et mantindrem informat dels propers passos.<\/span><span data-ccp-props=\"{\">\u00a0<\/span><\/p>\n<p><span data-contrast=\"none\">No obstant aix\u00f2, el fet de concertar una cita, aix\u00ed com la durada del proc\u00e9s d\u2019instal\u00b7laci\u00f3, pot variar en funci\u00f3 dels seg\u00fcents factors:<\/span><span data-ccp-props=\"{\">\u00a0<\/span><\/p>\n<p>&nbsp;<\/p>\n<ul>\n<li style=\"list-style-type: none;\">\n<ul>\n<li aria-setsize=\"-1\" data-aria-level=\"1\" data-aria-posinset=\"1\" data-font=\"Symbol\" data-leveltext=\"\uf0b7\" data-list-defn-props=\"{\" data-listid=\"17\"><span data-contrast=\"none\">El volum d\u2019instal\u00b7lacions pendents en aquell moment<\/span><\/li>\n<\/ul>\n<\/li>\n<\/ul>\n<ul>\n<li style=\"list-style-type: none;\">\n<ul>\n<li aria-setsize=\"-1\" data-aria-level=\"1\" data-aria-posinset=\"2\" data-font=\"Symbol\" data-leveltext=\"\uf0b7\" data-list-defn-props=\"{\" data-listid=\"17\"><span data-contrast=\"none\">La disponibilitat de t\u00e8cnics a la teva zona<\/span><\/li>\n<\/ul>\n<\/li>\n<\/ul>\n<ul>\n<li style=\"list-style-type: none;\">\n<ul>\n<li aria-setsize=\"-1\" data-aria-level=\"1\" data-aria-posinset=\"3\" data-font=\"Symbol\" data-leveltext=\"\uf0b7\" data-list-defn-props=\"{\" data-listid=\"17\"><span data-contrast=\"none\">Possibles problemes d\u2019infraestructura o canalitzacions<\/span><\/li>\n<\/ul>\n<\/li>\n<\/ul>\n<p><span data-contrast=\"none\">D\u2019altra banda, el termini per tenir actiu el servei de fibra dependr\u00e0 de la contractaci\u00f3 que hagis fet:<\/span><span data-ccp-props=\"{\">\u00a0<\/span><\/p>\n<p><span data-ccp-props=\"{\">\u00a0<\/span><\/p>\n<h2 aria-level=\"2\"><span data-contrast=\"none\">Alta de Fibra amb n\u00famero fix nou<\/span><span data-ccp-props=\"{\">\u00a0<\/span><\/h2>\n<p><img loading=\"lazy\" decoding=\"async\" class=\"alignnone  wp-image-6366\" src=\"https:\/\/o2online.es\/ayuda\/wp-content\/uploads\/2022\/02\/Proceso-instalacion-300x65.jpg\" alt=\"\" width=\"466\" height=\"101\" srcset=\"https:\/\/o2online.es\/ayuda\/wp-content\/uploads\/2022\/02\/Proceso-instalacion-300x65.jpg 300w, https:\/\/o2online.es\/ayuda\/wp-content\/uploads\/2022\/02\/Proceso-instalacion.jpg 618w\" sizes=\"(max-width: 466px) 100vw, 466px\" \/><\/p>\n<p><span data-contrast=\"none\">Si has triat donar d\u2019alta un n\u00famero fix nou, el proc\u00e9s <\/span><b><span data-contrast=\"none\">pot trigar a completar-se 6 dies laborables. <\/span><\/b><span data-ccp-props=\"{\">\u00a0<\/span><\/p>\n<p><span data-contrast=\"none\">El t\u00e8cnic deixar\u00e0 el servei actiu despr\u00e9s de\u00a0la instal\u00b7laci\u00f3 i et facilitar\u00e0 el teu nou n\u00famero fix d\u2019O2.<\/span><span data-ccp-props=\"{\">\u00a0<\/span><\/p>\n<p><span data-ccp-props=\"{\">\u00a0<\/span><\/p>\n<h2 aria-level=\"2\"><span data-contrast=\"none\">Portabilitat<\/span><\/h2>\n<p><img loading=\"lazy\" decoding=\"async\" class=\"alignnone  wp-image-6368\" src=\"https:\/\/o2online.es\/ayuda\/wp-content\/uploads\/2022\/02\/Proceso-instalacion-2-300x48.jpg\" alt=\"\" width=\"607\" height=\"97\" srcset=\"https:\/\/o2online.es\/ayuda\/wp-content\/uploads\/2022\/02\/Proceso-instalacion-2-300x48.jpg 300w, https:\/\/o2online.es\/ayuda\/wp-content\/uploads\/2022\/02\/Proceso-instalacion-2-768x122.jpg 768w, https:\/\/o2online.es\/ayuda\/wp-content\/uploads\/2022\/02\/Proceso-instalacion-2.jpg 845w\" sizes=\"(max-width: 607px) 100vw, 607px\" \/><\/p>\n<p><span data-contrast=\"none\">Perqu\u00e8 puguis gaudir del servei de fibra\u00a0al m\u00e9s aviat possible instal\u00b7larem un n\u00famero fix provisional. D\u2019aquesta manera, podr\u00e0s\u00a0fer \u00fas del servei mentre sol\u00b7licitem la portabilitat del teu n\u00famero de sempre.<\/span><span data-ccp-props=\"{\">\u00a0<\/span><\/p>\n<p><span data-contrast=\"none\">Per fer el proc\u00e9s complet, instal\u00b7laci\u00f3 i canvi de companyia, trigarem entre 7 i 9 dies laborables.<\/span><span data-ccp-props=\"{\">\u00a0<\/span><\/p>\n<p><span data-ccp-props=\"{\">\u00a0<\/span><\/p>\n<h2 aria-level=\"2\"><span data-contrast=\"none\">Portabilitat des de Movistar<\/span><\/h2>\n<p><span data-contrast=\"none\">Si vens de Movistar i ja tens una instal\u00b7laci\u00f3 de fibra a casa teva, <\/span><b><span data-contrast=\"none\">no necessites\u00a0una instal\u00b7laci\u00f3 nova.<\/span><\/b><span data-contrast=\"none\"> El proc\u00e9s ser\u00e0 m\u00e9s r\u00e0pid.<\/span><\/p>\n<p><span data-contrast=\"none\">Nom\u00e9s en el cas que tinguis ADSL de Movistar, <\/span><b><span data-contrast=\"none\">un instal\u00b7lador haur\u00e0 d\u2019anar a casa teva a fer una instal\u00b7laci\u00f3 nova. \u00a0<\/span><\/b><span data-ccp-props=\"{\">\u00a0<\/span><\/p>\n<div class='watch-action'><div class='watch-position align-left'><div class='action-like'><a class='lbg-style1 like-6144 jlk' href='javascript:void(0)' data-task='like' data-post_id='6144' data-nonce='ae9c9c8b2f' rel='nofollow'><img class='wti-pixel' src='https:\/\/o2online.es\/ayuda\/wp-content\/plugins\/wti-like-post\/images\/pixel.gif' title='Like' \/><span class='lc-6144 lc'>0<\/span><\/a><\/div><div class='action-unlike'><a class='unlbg-style1 unlike-6144 jlk' href='javascript:void(0)' data-task='unlike' data-post_id='6144' data-nonce='ae9c9c8b2f' rel='nofollow'><img class='wti-pixel' src='https:\/\/o2online.es\/ayuda\/wp-content\/plugins\/wti-like-post\/images\/pixel.gif' title='Unlike' \/><span class='unlc-6144 unlc'>0<\/span><\/a><\/div> <\/div> <div class='status-6144 status align-left'><\/div><\/div><div class='wti-clear'><\/div>","protected":false},"excerpt":{"rendered":"<p>Termini d\u2019instal\u00b7laci\u00f3\u00a0 \u00a0Despr\u00e9s de donar-te d\u2019alta a O2,\u00a0un t\u00e8cnic de Telef\u00f3nica\u00a0et trucar\u00e0\u00a0al teu n\u00famero de contacte per concertar la cita d\u2019instal\u00b7laci\u00f3 en un termini de tres dies feiners.\u00a0 Podr\u00e0s modificar el tel\u00e8fon de contacte que vas indicar en el registre; per fer-ho, posa\u2019t en contacte amb nosaltres a trav\u00e9s dels nostres canals d\u2019atenci\u00f3: WhatsApp, correu [&hellip;]<\/p>\n","protected":false},"author":27,"featured_media":0,"comment_status":"open","ping_status":"open","sticky":false,"template":"","format":"standard","meta":{"footnotes":""},"categories":[880],"tags":[],"yoast_head":"<!-- This site is optimized with the Yoast SEO plugin v23.0 - https:\/\/yoast.com\/wordpress\/plugins\/seo\/ -->\n<title>\u00bfCu\u00e1nto tarda la instalaci\u00f3n de fibra O2? | O2 Ayuda<\/title>\n<meta name=\"description\" content=\"Tras registrarte en O2, contactaremos contigo para acordar una cita para realizar la instalaci\u00f3n de fibra en tu domicilio.\" \/>\n<meta name=\"robots\" content=\"index, follow, max-snippet:-1, max-image-preview:large, max-video-preview:-1\" \/>\n<link rel=\"canonical\" href=\"https:\/\/o2online.es\/ayuda\/terminis-i-proces-dinstal\u00b7lacio-del-servei-de-fibra-do2\/\" \/>\n<meta property=\"og:locale\" content=\"es_ES\" \/>\n<meta property=\"og:type\" content=\"article\" \/>\n<meta property=\"og:title\" content=\"\u00bfCu\u00e1nto tarda la instalaci\u00f3n de fibra O2? | O2 Ayuda\" \/>\n<meta property=\"og:description\" content=\"Tras registrarte en O2, contactaremos contigo para acordar una cita para realizar la instalaci\u00f3n de fibra en tu domicilio.\" \/>\n<meta property=\"og:url\" content=\"https:\/\/o2online.es\/ayuda\/terminis-i-proces-dinstal\u00b7lacio-del-servei-de-fibra-do2\/\" \/>\n<meta property=\"og:site_name\" content=\"O2 Ayuda\" \/>\n<meta property=\"article:published_time\" content=\"2018-06-19T18:53:17+00:00\" \/>\n<meta property=\"article:modified_time\" content=\"2023-12-05T13:32:22+00:00\" \/>\n<meta property=\"og:image\" content=\"https:\/\/o2online.es\/ayuda\/wp-content\/uploads\/2022\/02\/Proceso-instalacion-300x65.jpg\" \/>\n<meta name=\"author\" content=\"mariaelena\" \/>\n<meta name=\"twitter:card\" content=\"summary_large_image\" \/>\n<meta name=\"twitter:label1\" content=\"Escrito por\" \/>\n\t<meta name=\"twitter:data1\" content=\"mariaelena\" \/>\n\t<meta name=\"twitter:label2\" content=\"Tiempo de lectura\" \/>\n\t<meta name=\"twitter:data2\" content=\"2 minutos\" \/>\n<script type=\"application\/ld+json\" class=\"yoast-schema-graph\">{\"@context\":\"https:\/\/schema.org\",\"@graph\":[{\"@type\":\"WebPage\",\"@id\":\"https:\/\/o2online.es\/ayuda\/terminis-i-proces-dinstal%c2%b7lacio-del-servei-de-fibra-do2\/\",\"url\":\"https:\/\/o2online.es\/ayuda\/terminis-i-proces-dinstal%c2%b7lacio-del-servei-de-fibra-do2\/\",\"name\":\"\u00bfCu\u00e1nto tarda la instalaci\u00f3n de fibra O2? | O2 Ayuda\",\"isPartOf\":{\"@id\":\"https:\/\/o2online.es\/ayuda\/#website\"},\"primaryImageOfPage\":{\"@id\":\"https:\/\/o2online.es\/ayuda\/terminis-i-proces-dinstal%c2%b7lacio-del-servei-de-fibra-do2\/#primaryimage\"},\"image\":{\"@id\":\"https:\/\/o2online.es\/ayuda\/terminis-i-proces-dinstal%c2%b7lacio-del-servei-de-fibra-do2\/#primaryimage\"},\"thumbnailUrl\":\"https:\/\/o2online.es\/ayuda\/wp-content\/uploads\/2022\/02\/Proceso-instalacion-300x65.jpg\",\"datePublished\":\"2018-06-19T18:53:17+00:00\",\"dateModified\":\"2023-12-05T13:32:22+00:00\",\"author\":{\"@id\":\"https:\/\/o2online.es\/ayuda\/#\/schema\/person\/2fad8125c6e155a67a95fae2decd3663\"},\"description\":\"Tras registrarte en O2, contactaremos contigo para acordar una cita para realizar la instalaci\u00f3n de fibra en tu domicilio.\",\"breadcrumb\":{\"@id\":\"https:\/\/o2online.es\/ayuda\/terminis-i-proces-dinstal%c2%b7lacio-del-servei-de-fibra-do2\/#breadcrumb\"},\"inLanguage\":\"es\",\"potentialAction\":[{\"@type\":\"ReadAction\",\"target\":[\"https:\/\/o2online.es\/ayuda\/terminis-i-proces-dinstal%c2%b7lacio-del-servei-de-fibra-do2\/\"]}]},{\"@type\":\"ImageObject\",\"inLanguage\":\"es\",\"@id\":\"https:\/\/o2online.es\/ayuda\/terminis-i-proces-dinstal%c2%b7lacio-del-servei-de-fibra-do2\/#primaryimage\",\"url\":\"https:\/\/o2online.es\/ayuda\/wp-content\/uploads\/2022\/02\/Proceso-instalacion.jpg\",\"contentUrl\":\"https:\/\/o2online.es\/ayuda\/wp-content\/uploads\/2022\/02\/Proceso-instalacion.jpg\",\"width\":618,\"height\":134},{\"@type\":\"BreadcrumbList\",\"@id\":\"https:\/\/o2online.es\/ayuda\/terminis-i-proces-dinstal%c2%b7lacio-del-servei-de-fibra-do2\/#breadcrumb\",\"itemListElement\":[{\"@type\":\"ListItem\",\"position\":1,\"name\":\"Portada\",\"item\":\"https:\/\/o2online.es\/ayuda\/\"},{\"@type\":\"ListItem\",\"position\":2,\"name\":\"Terminis i proc\u00e9s d\u2019instal\u00b7laci\u00f3 del servei de Fibra d\u2019O2\"}]},{\"@type\":\"WebSite\",\"@id\":\"https:\/\/o2online.es\/ayuda\/#website\",\"url\":\"https:\/\/o2online.es\/ayuda\/\",\"name\":\"O2 Ayuda\",\"description\":\"Consulta tus dudas sobre servicios y tarifas\",\"potentialAction\":[{\"@type\":\"SearchAction\",\"target\":{\"@type\":\"EntryPoint\",\"urlTemplate\":\"https:\/\/o2online.es\/ayuda\/?s={search_term_string}\"},\"query-input\":\"required name=search_term_string\"}],\"inLanguage\":\"es\"},{\"@type\":\"Person\",\"@id\":\"https:\/\/o2online.es\/ayuda\/#\/schema\/person\/2fad8125c6e155a67a95fae2decd3663\",\"name\":\"mariaelena\",\"image\":{\"@type\":\"ImageObject\",\"inLanguage\":\"es\",\"@id\":\"https:\/\/o2online.es\/ayuda\/#\/schema\/person\/image\/\",\"url\":\"https:\/\/secure.gravatar.com\/avatar\/c73c910b49e0ee683f4d0c20435b898e?s=96&d=mm&r=g\",\"contentUrl\":\"https:\/\/secure.gravatar.com\/avatar\/c73c910b49e0ee683f4d0c20435b898e?s=96&d=mm&r=g\",\"caption\":\"mariaelena\"},\"url\":\"https:\/\/o2online.es\/ayuda\/author\/mariaelena\/\"}]}<\/script>\n<!-- \/ Yoast SEO plugin. -->","yoast_head_json":{"title":"\u00bfCu\u00e1nto tarda la instalaci\u00f3n de fibra O2? | O2 Ayuda","description":"Tras registrarte en O2, contactaremos contigo para acordar una cita para realizar la instalaci\u00f3n de fibra en tu domicilio.","robots":{"index":"index","follow":"follow","max-snippet":"max-snippet:-1","max-image-preview":"max-image-preview:large","max-video-preview":"max-video-preview:-1"},"canonical":"https:\/\/o2online.es\/ayuda\/terminis-i-proces-dinstal\u00b7lacio-del-servei-de-fibra-do2\/","og_locale":"es_ES","og_type":"article","og_title":"\u00bfCu\u00e1nto tarda la instalaci\u00f3n de fibra O2? | O2 Ayuda","og_description":"Tras registrarte en O2, contactaremos contigo para acordar una cita para realizar la instalaci\u00f3n de fibra en tu domicilio.","og_url":"https:\/\/o2online.es\/ayuda\/terminis-i-proces-dinstal\u00b7lacio-del-servei-de-fibra-do2\/","og_site_name":"O2 Ayuda","article_published_time":"2018-06-19T18:53:17+00:00","article_modified_time":"2023-12-05T13:32:22+00:00","og_image":[{"url":"https:\/\/o2online.es\/ayuda\/wp-content\/uploads\/2022\/02\/Proceso-instalacion-300x65.jpg"}],"author":"mariaelena","twitter_card":"summary_large_image","twitter_misc":{"Escrito por":"mariaelena","Tiempo de lectura":"2 minutos"},"schema":{"@context":"https:\/\/schema.org","@graph":[{"@type":"WebPage","@id":"https:\/\/o2online.es\/ayuda\/terminis-i-proces-dinstal%c2%b7lacio-del-servei-de-fibra-do2\/","url":"https:\/\/o2online.es\/ayuda\/terminis-i-proces-dinstal%c2%b7lacio-del-servei-de-fibra-do2\/","name":"\u00bfCu\u00e1nto tarda la instalaci\u00f3n de fibra O2? | O2 Ayuda","isPartOf":{"@id":"https:\/\/o2online.es\/ayuda\/#website"},"primaryImageOfPage":{"@id":"https:\/\/o2online.es\/ayuda\/terminis-i-proces-dinstal%c2%b7lacio-del-servei-de-fibra-do2\/#primaryimage"},"image":{"@id":"https:\/\/o2online.es\/ayuda\/terminis-i-proces-dinstal%c2%b7lacio-del-servei-de-fibra-do2\/#primaryimage"},"thumbnailUrl":"https:\/\/o2online.es\/ayuda\/wp-content\/uploads\/2022\/02\/Proceso-instalacion-300x65.jpg","datePublished":"2018-06-19T18:53:17+00:00","dateModified":"2023-12-05T13:32:22+00:00","author":{"@id":"https:\/\/o2online.es\/ayuda\/#\/schema\/person\/2fad8125c6e155a67a95fae2decd3663"},"description":"Tras registrarte en O2, contactaremos contigo para acordar una cita para realizar la instalaci\u00f3n de fibra en tu domicilio.","breadcrumb":{"@id":"https:\/\/o2online.es\/ayuda\/terminis-i-proces-dinstal%c2%b7lacio-del-servei-de-fibra-do2\/#breadcrumb"},"inLanguage":"es","potentialAction":[{"@type":"ReadAction","target":["https:\/\/o2online.es\/ayuda\/terminis-i-proces-dinstal%c2%b7lacio-del-servei-de-fibra-do2\/"]}]},{"@type":"ImageObject","inLanguage":"es","@id":"https:\/\/o2online.es\/ayuda\/terminis-i-proces-dinstal%c2%b7lacio-del-servei-de-fibra-do2\/#primaryimage","url":"https:\/\/o2online.es\/ayuda\/wp-content\/uploads\/2022\/02\/Proceso-instalacion.jpg","contentUrl":"https:\/\/o2online.es\/ayuda\/wp-content\/uploads\/2022\/02\/Proceso-instalacion.jpg","width":618,"height":134},{"@type":"BreadcrumbList","@id":"https:\/\/o2online.es\/ayuda\/terminis-i-proces-dinstal%c2%b7lacio-del-servei-de-fibra-do2\/#breadcrumb","itemListElement":[{"@type":"ListItem","position":1,"name":"Portada","item":"https:\/\/o2online.es\/ayuda\/"},{"@type":"ListItem","position":2,"name":"Terminis i proc\u00e9s d\u2019instal\u00b7laci\u00f3 del servei de Fibra d\u2019O2"}]},{"@type":"WebSite","@id":"https:\/\/o2online.es\/ayuda\/#website","url":"https:\/\/o2online.es\/ayuda\/","name":"O2 Ayuda","description":"Consulta tus dudas sobre servicios y tarifas","potentialAction":[{"@type":"SearchAction","target":{"@type":"EntryPoint","urlTemplate":"https:\/\/o2online.es\/ayuda\/?s={search_term_string}"},"query-input":"required name=search_term_string"}],"inLanguage":"es"},{"@type":"Person","@id":"https:\/\/o2online.es\/ayuda\/#\/schema\/person\/2fad8125c6e155a67a95fae2decd3663","name":"mariaelena","image":{"@type":"ImageObject","inLanguage":"es","@id":"https:\/\/o2online.es\/ayuda\/#\/schema\/person\/image\/","url":"https:\/\/secure.gravatar.com\/avatar\/c73c910b49e0ee683f4d0c20435b898e?s=96&d=mm&r=g","contentUrl":"https:\/\/secure.gravatar.com\/avatar\/c73c910b49e0ee683f4d0c20435b898e?s=96&d=mm&r=g","caption":"mariaelena"},"url":"https:\/\/o2online.es\/ayuda\/author\/mariaelena\/"}]}},"jetpack_featured_media_url":"","_links":{"self":[{"href":"https:\/\/o2online.es\/ayuda\/wp-json\/wp\/v2\/posts\/6144"}],"collection":[{"href":"https:\/\/o2online.es\/ayuda\/wp-json\/wp\/v2\/posts"}],"about":[{"href":"https:\/\/o2online.es\/ayuda\/wp-json\/wp\/v2\/types\/post"}],"author":[{"embeddable":true,"href":"https:\/\/o2online.es\/ayuda\/wp-json\/wp\/v2\/users\/27"}],"replies":[{"embeddable":true,"href":"https:\/\/o2online.es\/ayuda\/wp-json\/wp\/v2\/comments?post=6144"}],"version-history":[{"count":0,"href":"https:\/\/o2online.es\/ayuda\/wp-json\/wp\/v2\/posts\/6144\/revisions"}],"wp:attachment":[{"href":"https:\/\/o2online.es\/ayuda\/wp-json\/wp\/v2\/media?parent=6144"}],"wp:term":[{"taxonomy":"category","embeddable":true,"href":"https:\/\/o2online.es\/ayuda\/wp-json\/wp\/v2\/categories?post=6144"},{"taxonomy":"post_tag","embeddable":true,"href":"https:\/\/o2online.es\/ayuda\/wp-json\/wp\/v2\/tags?post=6144"}],"curies":[{"name":"wp","href":"https:\/\/api.w.org\/{rel}","templated":true}]}}